{"id":2706,"date":"2014-01-28T23:36:35","date_gmt":"2014-01-28T22:36:35","guid":{"rendered":"http:\/\/www.thinkingafrica.org\/V2\/?p=2706"},"modified":"2021-05-25T16:03:14","modified_gmt":"2021-05-25T14:03:14","slug":"la-caric-enjeux-geopolitiques-et-defis-de-la-mise-en-oeuvre","status":"publish","type":"post","link":"https:\/\/www.thinkingafrica.org\/V2\/la-caric-enjeux-geopolitiques-et-defis-de-la-mise-en-oeuvre\/","title":{"rendered":"La CARIC : enjeux g\u00e9opolitiques et d\u00e9fis de la mise en \u0153uvre"},"content":{"rendered":"<p>Dr Samuel Nguembock | Professeur de g\u00e9opolitique \u00e0 l\u2019Institut sup\u00e9rieur du management public et politique de Paris<\/p>\n<p><a href=\"http:\/\/www.thinkingafrica.org\/V2\/wp-content\/uploads\/2014\/01\/Sommet_AfriqueFrance-e1390949458509.jpg\"><img loading=\"lazy\" decoding=\"async\" class=\"alignnone size-full wp-image-2709\" alt=\"Sommet_AfriqueFrance\" src=\"http:\/\/www.thinkingafrica.org\/V2\/wp-content\/uploads\/2014\/01\/Sommet_AfriqueFrance-e1390949458509.jpg\" width=\"450\" height=\"297\" srcset=\"https:\/\/www.thinkingafrica.org\/V2\/wp-content\/uploads\/2014\/01\/Sommet_AfriqueFrance-e1390949458509.jpg 450w, https:\/\/www.thinkingafrica.org\/V2\/wp-content\/uploads\/2014\/01\/Sommet_AfriqueFrance-e1390949458509-70x45.jpg 70w\" sizes=\"auto, (max-width: 450px) 100vw, 450px\" \/><\/a><\/p>\n<p><strong>Introduction <\/strong><br \/>\nAnnonc\u00e9e le 27 mai 2013 \u00e0 l\u2019occasion du cinquanti\u00e8me anniversaire de l\u2019Union africaine \u00e0 Addis-Abeba, la cr\u00e9ation de la Capacit\u00e9 Africaine de R\u00e9ponse Imm\u00e9diate aux Crises (CARIC) suscite aujourd\u2019hui de nombreuses interrogations de la part de nombre d\u2019observateurs et d\u2019analystes des mutations g\u00e9opolitiques en Afrique. A l\u2019issue du 26e sommet Afrique-France sur la paix et la s\u00e9curit\u00e9 et \u00e0 la veille du prochain sommet de l\u2019Union africaine, la question de l\u2019atteinte de la pleine capacit\u00e9 op\u00e9rationnelle de la Force africaine en attente et celle de la mise en \u0153uvre de l\u2019alternative strat\u00e9gique (la CARIC) font encore d\u00e9bat dans les milieux diplomatiques africains. Dans un contexte de multiplication et de superposition des projets de cr\u00e9ation et\/ou de mise en \u0153uvre effective des dispositifs de s\u00e9curit\u00e9 et de d\u00e9fense en Afrique d\u2019une part, et de complexification des foyers de tensions et des situations post-conflit (Centrafrique, R\u00e9publique d\u00e9mocratique du Congo\u2026) d\u2019autre part ; la probl\u00e9matique de la n\u00e9cessit\u00e9 de la cr\u00e9ation et de la mise en \u0153uvre de la CARIC m\u00e9rite une r\u00e9flexion approfondie pour comprendre les enjeux et les d\u00e9fis autour de sa cr\u00e9ation mais aussi les cons\u00e9quences de sa mise en \u0153uvre dans la perspective de l\u2019op\u00e9rationnalisation de l\u2019Architecture africaine de paix et de s\u00e9curit\u00e9 (AAPS).<\/p>\n<p>Depuis le premier sommet Afrique-France enti\u00e8rement consacr\u00e9 \u00e0 la paix et \u00e0 la s\u00e9curit\u00e9 en 1998, l\u2019Afrique a r\u00e9alis\u00e9 des avanc\u00e9es consid\u00e9rables aussi bien sur le plan politico-institutionnel que sur celui de l\u2019exp\u00e9rience op\u00e9rationnelle dans le domaine du maintien et de la consolidation de la paix : la cr\u00e9ation du Conseil de paix et de s\u00e9curit\u00e9 de l\u2019Union africaine,<\/p>\n<p>la mise en place de l\u2019AAPS. L\u2019Afrique a \u00e9galement connu une diminution du nombre des conflits et un progr\u00e8s significatif en mati\u00e8re de paix, certes avec l\u2019appui technique et op\u00e9rationnel des Nations Unies et des partenaires \u00e9trangers : la r\u00e9solution des conflits en Angola, au Mozambique, au Lib\u00e9ria, en Sierra Leone, en RDC, la Mission de l\u2019Union africaine au Burundi\u2026en sont quelques exemples. On peut se r\u00e9jouir de ces avanc\u00e9es compte tenu de l\u2019\u00e9chec en tous points de l\u2019Organisation de l\u2019unit\u00e9 africaine au cours de la d\u00e9cennie 1990 face \u00e0 la multiplication des guerres civiles dans le continent. De la m\u00eame mani\u00e8re, on peut l\u00e9gitimement rester perplexe ou sceptique devant non seulement la modestie des moyens strictement africains d\u00e9ploy\u00e9s, mais aussi les faiblesses op\u00e9rationnelles et structurelles des dispositifs africains de s\u00e9curit\u00e9 mis en place dans la perspective de l\u2019Architecture africaine de paix et de s\u00e9curit\u00e9.<\/p>\n<p>Mais au-del\u00e0 de ce seul d\u00e9bat sur la capacit\u00e9 de l\u2019Afrique \u00e0 construire une force de r\u00e9action rapide en cas de crise, il faut \u00e9galement s\u2019interroger sur la coh\u00e9rence et\/ou la cohabitation de ce projet avec des dispositifs dont la mise en \u0153uvre reste en cours, la Force africaine en attente notamment. A ce titre, la cr\u00e9ation de la CARIC pourra-t-elle procurer \u00e0 terme un appui d\u00e9cisif \u00e0 la Force africaine en attente qui repr\u00e9sente pour l\u2019heure le bras militaire de l\u2019Architecture africaine de paix et de s\u00e9curit\u00e9 ? En d\u2019autres termes, son ambition est-elle de renforcer le processus de mise en \u0153uvre de la FAA ? Par ailleurs, sur quel instrument politico-institutionnel va-t-elle s\u2019appuyer? Sur une volont\u00e9 politique des Etats africains ? Sur une capacit\u00e9 de d\u00e9cision ? Si oui laquelle et o\u00f9 peut-on la trouver? Sur des moyens d\u2019action nationaux militaires ou non militaires ? Sous quel format : alliance, d\u00e9fense commune ou coop\u00e9ration structur\u00e9e permanente entre quelques Etats ? Telles sont les questions qui structurent la pr\u00e9sente r\u00e9flexion. L\u2019objectif de cette derni\u00e8re \u00e9tant pr\u00e9cis\u00e9ment d\u2019identifier et d\u2019analyser les d\u00e9fis de la mise en \u0153uvre de la CARIC et les potentielles cons\u00e9quences sur les dispositifs de s\u00e9curit\u00e9 en cours de r\u00e9alisation.<\/p>\n<p><strong><a href=\"http:\/\/www.thinkingafrica.org\/V2\/wp-content\/uploads\/2014\/02\/TA_NAP_15-la-caric.pdf\">TELECHARGEZ LA NOTE D&rsquo;ANALYSE POLITIQUE EN PDF<\/a><\/strong><\/p>\n<div class=\"su-document su-u-responsive-media-yes\"><iframe loading=\"lazy\" src=\"\/\/docs.google.com\/viewer?embedded=true&url=http:\/\/www.thinkingafrica.org\/V2\/wp-content\/uploads\/2014\/02\/TA_NAP_15-la-caric.pdf\" width=\"400\" height=\"300\" class=\"su-document\" title=\"\"><\/iframe><\/div>\n","protected":false},"excerpt":{"rendered":"<p>Dr Samuel Nguembock | Professeur de g\u00e9opolitique \u00e0 l\u2019Institut sup\u00e9rieur du management public et politique de Paris Introduction Annonc\u00e9e le 27 mai 2013 \u00e0 l\u2019occasion du cinquanti\u00e8me anniversaire de l\u2019Union africaine \u00e0 Addis-Abeba, la cr\u00e9ation de la Capacit\u00e9 Africaine de R\u00e9ponse Imm\u00e9diate aux Crises (CARIC) suscite aujourd\u2019hui de nombreuses interrogations de la part de nombre [&hellip;]<\/p>\n","protected":false},"author":1,"featured_media":2709,"comment_status":"open","ping_status":"open","sticky":false,"template":"","format":"standard","meta":{"footnotes":""},"categories":[34,38,210,35],"tags":[],"class_list":["post-2706","post","type-post","status-publish","format-standard","has-post-thumbnail","hentry","category-analyse-politique","category-leadership","category-nguembock","category-securite"],"yoast_head":"<!-- This site is optimized with the Yoast SEO plugin v27.4 - https:\/\/yoast.com\/product\/yoast-seo-wordpress\/ -->\n<title>La CARIC : enjeux g\u00e9opolitiques et d\u00e9fis de la mise en \u0153uvre - Thinking Africa<\/title>\n<meta name=\"robots\" content=\"index, follow, max-snippet:-1, max-image-preview:large, max-video-preview:-1\" \/>\n<link rel=\"canonical\" href=\"https:\/\/www.thinkingafrica.org\/V2\/la-caric-enjeux-geopolitiques-et-defis-de-la-mise-en-oeuvre\/\" \/>\n<meta property=\"og:locale\" content=\"fr_FR\" \/>\n<meta property=\"og:type\" content=\"article\" \/>\n<meta property=\"og:title\" content=\"La CARIC : enjeux g\u00e9opolitiques et d\u00e9fis de la mise en \u0153uvre - Thinking Africa\" \/>\n<meta property=\"og:description\" content=\"Dr Samuel Nguembock | Professeur de g\u00e9opolitique \u00e0 l\u2019Institut sup\u00e9rieur du management public et politique de Paris Introduction Annonc\u00e9e le 27 mai 2013 \u00e0 l\u2019occasion du cinquanti\u00e8me anniversaire de l\u2019Union africaine \u00e0 Addis-Abeba, la cr\u00e9ation de la Capacit\u00e9 Africaine de R\u00e9ponse Imm\u00e9diate aux Crises (CARIC) suscite aujourd\u2019hui de nombreuses interrogations de la part de nombre [&hellip;]\" \/>\n<meta property=\"og:url\" content=\"https:\/\/www.thinkingafrica.org\/V2\/la-caric-enjeux-geopolitiques-et-defis-de-la-mise-en-oeuvre\/\" \/>\n<meta property=\"og:site_name\" content=\"Thinking Africa\" \/>\n<meta property=\"article:published_time\" content=\"2014-01-28T22:36:35+00:00\" \/>\n<meta property=\"article:modified_time\" content=\"2021-05-25T14:03:14+00:00\" \/>\n<meta property=\"og:image\" content=\"https:\/\/www.thinkingafrica.org\/V2\/wp-content\/uploads\/2014\/01\/Sommet_AfriqueFrance-e1390949458509.jpg\" \/>\n\t<meta property=\"og:image:width\" content=\"450\" \/>\n\t<meta property=\"og:image:height\" content=\"297\" \/>\n\t<meta property=\"og:image:type\" content=\"image\/jpeg\" \/>\n<meta name=\"author\" content=\"TA\" \/>\n<meta name=\"twitter:card\" content=\"summary_large_image\" \/>\n<meta name=\"twitter:label1\" content=\"\u00c9crit par\" \/>\n\t<meta name=\"twitter:data1\" content=\"TA\" \/>\n\t<meta name=\"twitter:label2\" content=\"Dur\u00e9e de lecture estim\u00e9e\" \/>\n\t<meta name=\"twitter:data2\" content=\"4 minutes\" \/>\n<script type=\"application\/ld+json\" class=\"yoast-schema-graph\">{\"@context\":\"https:\\\/\\\/schema.org\",\"@graph\":[{\"@type\":\"Article\",\"@id\":\"https:\\\/\\\/www.thinkingafrica.org\\\/V2\\\/la-caric-enjeux-geopolitiques-et-defis-de-la-mise-en-oeuvre\\\/#article\",\"isPartOf\":{\"@id\":\"https:\\\/\\\/www.thinkingafrica.org\\\/V2\\\/la-caric-enjeux-geopolitiques-et-defis-de-la-mise-en-oeuvre\\\/\"},\"author\":{\"name\":\"TA\",\"@id\":\"https:\\\/\\\/www.thinkingafrica.org\\\/V2\\\/#\\\/schema\\\/person\\\/d43605ef0d5681c1b27a4ba1fede1cf4\"},\"headline\":\"La CARIC : enjeux g\u00e9opolitiques et d\u00e9fis de la mise en \u0153uvre\",\"datePublished\":\"2014-01-28T22:36:35+00:00\",\"dateModified\":\"2021-05-25T14:03:14+00:00\",\"mainEntityOfPage\":{\"@id\":\"https:\\\/\\\/www.thinkingafrica.org\\\/V2\\\/la-caric-enjeux-geopolitiques-et-defis-de-la-mise-en-oeuvre\\\/\"},\"wordCount\":751,\"commentCount\":0,\"image\":{\"@id\":\"https:\\\/\\\/www.thinkingafrica.org\\\/V2\\\/la-caric-enjeux-geopolitiques-et-defis-de-la-mise-en-oeuvre\\\/#primaryimage\"},\"thumbnailUrl\":\"https:\\\/\\\/www.thinkingafrica.org\\\/V2\\\/wp-content\\\/uploads\\\/2014\\\/01\\\/Sommet_AfriqueFrance-e1390949458509.jpg\",\"articleSection\":[\"Note d'analyse politique\",\"Prospectives, id\u00e9es &amp; panafricanisme\",\"Samuel Nguembock\",\"S\u00e9curit\u00e9, d\u00e9fense &amp; armements\"],\"inLanguage\":\"fr-FR\",\"potentialAction\":[{\"@type\":\"CommentAction\",\"name\":\"Comment\",\"target\":[\"https:\\\/\\\/www.thinkingafrica.org\\\/V2\\\/la-caric-enjeux-geopolitiques-et-defis-de-la-mise-en-oeuvre\\\/#respond\"]}]},{\"@type\":\"WebPage\",\"@id\":\"https:\\\/\\\/www.thinkingafrica.org\\\/V2\\\/la-caric-enjeux-geopolitiques-et-defis-de-la-mise-en-oeuvre\\\/\",\"url\":\"https:\\\/\\\/www.thinkingafrica.org\\\/V2\\\/la-caric-enjeux-geopolitiques-et-defis-de-la-mise-en-oeuvre\\\/\",\"name\":\"La CARIC : enjeux g\u00e9opolitiques et d\u00e9fis de la mise en \u0153uvre - Thinking Africa\",\"isPartOf\":{\"@id\":\"https:\\\/\\\/www.thinkingafrica.org\\\/V2\\\/#website\"},\"primaryImageOfPage\":{\"@id\":\"https:\\\/\\\/www.thinkingafrica.org\\\/V2\\\/la-caric-enjeux-geopolitiques-et-defis-de-la-mise-en-oeuvre\\\/#primaryimage\"},\"image\":{\"@id\":\"https:\\\/\\\/www.thinkingafrica.org\\\/V2\\\/la-caric-enjeux-geopolitiques-et-defis-de-la-mise-en-oeuvre\\\/#primaryimage\"},\"thumbnailUrl\":\"https:\\\/\\\/www.thinkingafrica.org\\\/V2\\\/wp-content\\\/uploads\\\/2014\\\/01\\\/Sommet_AfriqueFrance-e1390949458509.jpg\",\"datePublished\":\"2014-01-28T22:36:35+00:00\",\"dateModified\":\"2021-05-25T14:03:14+00:00\",\"author\":{\"@id\":\"https:\\\/\\\/www.thinkingafrica.org\\\/V2\\\/#\\\/schema\\\/person\\\/d43605ef0d5681c1b27a4ba1fede1cf4\"},\"breadcrumb\":{\"@id\":\"https:\\\/\\\/www.thinkingafrica.org\\\/V2\\\/la-caric-enjeux-geopolitiques-et-defis-de-la-mise-en-oeuvre\\\/#breadcrumb\"},\"inLanguage\":\"fr-FR\",\"potentialAction\":[{\"@type\":\"ReadAction\",\"target\":[\"https:\\\/\\\/www.thinkingafrica.org\\\/V2\\\/la-caric-enjeux-geopolitiques-et-defis-de-la-mise-en-oeuvre\\\/\"]}]},{\"@type\":\"ImageObject\",\"inLanguage\":\"fr-FR\",\"@id\":\"https:\\\/\\\/www.thinkingafrica.org\\\/V2\\\/la-caric-enjeux-geopolitiques-et-defis-de-la-mise-en-oeuvre\\\/#primaryimage\",\"url\":\"https:\\\/\\\/www.thinkingafrica.org\\\/V2\\\/wp-content\\\/uploads\\\/2014\\\/01\\\/Sommet_AfriqueFrance-e1390949458509.jpg\",\"contentUrl\":\"https:\\\/\\\/www.thinkingafrica.org\\\/V2\\\/wp-content\\\/uploads\\\/2014\\\/01\\\/Sommet_AfriqueFrance-e1390949458509.jpg\",\"width\":450,\"height\":297},{\"@type\":\"BreadcrumbList\",\"@id\":\"https:\\\/\\\/www.thinkingafrica.org\\\/V2\\\/la-caric-enjeux-geopolitiques-et-defis-de-la-mise-en-oeuvre\\\/#breadcrumb\",\"itemListElement\":[{\"@type\":\"ListItem\",\"position\":1,\"name\":\"Accueil\",\"item\":\"https:\\\/\\\/www.thinkingafrica.org\\\/V2\\\/\"},{\"@type\":\"ListItem\",\"position\":2,\"name\":\"La CARIC : enjeux g\u00e9opolitiques et d\u00e9fis de la mise en \u0153uvre\"}]},{\"@type\":\"WebSite\",\"@id\":\"https:\\\/\\\/www.thinkingafrica.org\\\/V2\\\/#website\",\"url\":\"https:\\\/\\\/www.thinkingafrica.org\\\/V2\\\/\",\"name\":\"Thinking Africa\",\"description\":\"Recherche, r\u00e9flexions et ressources pour r\u00e9inventer le leadership africain\",\"potentialAction\":[{\"@type\":\"SearchAction\",\"target\":{\"@type\":\"EntryPoint\",\"urlTemplate\":\"https:\\\/\\\/www.thinkingafrica.org\\\/V2\\\/?s={search_term_string}\"},\"query-input\":{\"@type\":\"PropertyValueSpecification\",\"valueRequired\":true,\"valueName\":\"search_term_string\"}}],\"inLanguage\":\"fr-FR\"},{\"@type\":\"Person\",\"@id\":\"https:\\\/\\\/www.thinkingafrica.org\\\/V2\\\/#\\\/schema\\\/person\\\/d43605ef0d5681c1b27a4ba1fede1cf4\",\"name\":\"TA\",\"image\":{\"@type\":\"ImageObject\",\"inLanguage\":\"fr-FR\",\"@id\":\"https:\\\/\\\/secure.gravatar.com\\\/avatar\\\/6c005dccdd1d09c481deffc8260557ebd4ca64fcb9b827c2d0426e626336abdf?s=96&d=mm&r=g\",\"url\":\"https:\\\/\\\/secure.gravatar.com\\\/avatar\\\/6c005dccdd1d09c481deffc8260557ebd4ca64fcb9b827c2d0426e626336abdf?s=96&d=mm&r=g\",\"contentUrl\":\"https:\\\/\\\/secure.gravatar.com\\\/avatar\\\/6c005dccdd1d09c481deffc8260557ebd4ca64fcb9b827c2d0426e626336abdf?s=96&d=mm&r=g\",\"caption\":\"TA\"},\"description\":\"Thinking Africa est un institut de recherche et d'enseignement sur la paix. R\u00e9seau de jeunes chercheurs, d\u2019universitaires confirm\u00e9s et d\u2019experts, Thinking Africa offre, aux institutions, aux gouvernements, aux soci\u00e9t\u00e9s civiles, et aux organisations, des analyses et recommandations pour vivre la paix sur le continent africain.\",\"url\":\"https:\\\/\\\/www.thinkingafrica.org\\\/V2\\\/author\\\/admin\\\/\"}]}<\/script>\n<!-- \/ Yoast SEO plugin. -->","yoast_head_json":{"title":"La CARIC : enjeux g\u00e9opolitiques et d\u00e9fis de la mise en \u0153uvre - Thinking Africa","robots":{"index":"index","follow":"follow","max-snippet":"max-snippet:-1","max-image-preview":"max-image-preview:large","max-video-preview":"max-video-preview:-1"},"canonical":"https:\/\/www.thinkingafrica.org\/V2\/la-caric-enjeux-geopolitiques-et-defis-de-la-mise-en-oeuvre\/","og_locale":"fr_FR","og_type":"article","og_title":"La CARIC : enjeux g\u00e9opolitiques et d\u00e9fis de la mise en \u0153uvre - Thinking Africa","og_description":"Dr Samuel Nguembock | Professeur de g\u00e9opolitique \u00e0 l\u2019Institut sup\u00e9rieur du management public et politique de Paris Introduction Annonc\u00e9e le 27 mai 2013 \u00e0 l\u2019occasion du cinquanti\u00e8me anniversaire de l\u2019Union africaine \u00e0 Addis-Abeba, la cr\u00e9ation de la Capacit\u00e9 Africaine de R\u00e9ponse Imm\u00e9diate aux Crises (CARIC) suscite aujourd\u2019hui de nombreuses interrogations de la part de nombre [&hellip;]","og_url":"https:\/\/www.thinkingafrica.org\/V2\/la-caric-enjeux-geopolitiques-et-defis-de-la-mise-en-oeuvre\/","og_site_name":"Thinking Africa","article_published_time":"2014-01-28T22:36:35+00:00","article_modified_time":"2021-05-25T14:03:14+00:00","og_image":[{"width":450,"height":297,"url":"https:\/\/www.thinkingafrica.org\/V2\/wp-content\/uploads\/2014\/01\/Sommet_AfriqueFrance-e1390949458509.jpg","type":"image\/jpeg"}],"author":"TA","twitter_card":"summary_large_image","twitter_misc":{"\u00c9crit par":"TA","Dur\u00e9e de lecture estim\u00e9e":"4 minutes"},"schema":{"@context":"https:\/\/schema.org","@graph":[{"@type":"Article","@id":"https:\/\/www.thinkingafrica.org\/V2\/la-caric-enjeux-geopolitiques-et-defis-de-la-mise-en-oeuvre\/#article","isPartOf":{"@id":"https:\/\/www.thinkingafrica.org\/V2\/la-caric-enjeux-geopolitiques-et-defis-de-la-mise-en-oeuvre\/"},"author":{"name":"TA","@id":"https:\/\/www.thinkingafrica.org\/V2\/#\/schema\/person\/d43605ef0d5681c1b27a4ba1fede1cf4"},"headline":"La CARIC : enjeux g\u00e9opolitiques et d\u00e9fis de la mise en \u0153uvre","datePublished":"2014-01-28T22:36:35+00:00","dateModified":"2021-05-25T14:03:14+00:00","mainEntityOfPage":{"@id":"https:\/\/www.thinkingafrica.org\/V2\/la-caric-enjeux-geopolitiques-et-defis-de-la-mise-en-oeuvre\/"},"wordCount":751,"commentCount":0,"image":{"@id":"https:\/\/www.thinkingafrica.org\/V2\/la-caric-enjeux-geopolitiques-et-defis-de-la-mise-en-oeuvre\/#primaryimage"},"thumbnailUrl":"https:\/\/www.thinkingafrica.org\/V2\/wp-content\/uploads\/2014\/01\/Sommet_AfriqueFrance-e1390949458509.jpg","articleSection":["Note d'analyse politique","Prospectives, id\u00e9es &amp; panafricanisme","Samuel Nguembock","S\u00e9curit\u00e9, d\u00e9fense &amp; armements"],"inLanguage":"fr-FR","potentialAction":[{"@type":"CommentAction","name":"Comment","target":["https:\/\/www.thinkingafrica.org\/V2\/la-caric-enjeux-geopolitiques-et-defis-de-la-mise-en-oeuvre\/#respond"]}]},{"@type":"WebPage","@id":"https:\/\/www.thinkingafrica.org\/V2\/la-caric-enjeux-geopolitiques-et-defis-de-la-mise-en-oeuvre\/","url":"https:\/\/www.thinkingafrica.org\/V2\/la-caric-enjeux-geopolitiques-et-defis-de-la-mise-en-oeuvre\/","name":"La CARIC : enjeux g\u00e9opolitiques et d\u00e9fis de la mise en \u0153uvre - Thinking Africa","isPartOf":{"@id":"https:\/\/www.thinkingafrica.org\/V2\/#website"},"primaryImageOfPage":{"@id":"https:\/\/www.thinkingafrica.org\/V2\/la-caric-enjeux-geopolitiques-et-defis-de-la-mise-en-oeuvre\/#primaryimage"},"image":{"@id":"https:\/\/www.thinkingafrica.org\/V2\/la-caric-enjeux-geopolitiques-et-defis-de-la-mise-en-oeuvre\/#primaryimage"},"thumbnailUrl":"https:\/\/www.thinkingafrica.org\/V2\/wp-content\/uploads\/2014\/01\/Sommet_AfriqueFrance-e1390949458509.jpg","datePublished":"2014-01-28T22:36:35+00:00","dateModified":"2021-05-25T14:03:14+00:00","author":{"@id":"https:\/\/www.thinkingafrica.org\/V2\/#\/schema\/person\/d43605ef0d5681c1b27a4ba1fede1cf4"},"breadcrumb":{"@id":"https:\/\/www.thinkingafrica.org\/V2\/la-caric-enjeux-geopolitiques-et-defis-de-la-mise-en-oeuvre\/#breadcrumb"},"inLanguage":"fr-FR","potentialAction":[{"@type":"ReadAction","target":["https:\/\/www.thinkingafrica.org\/V2\/la-caric-enjeux-geopolitiques-et-defis-de-la-mise-en-oeuvre\/"]}]},{"@type":"ImageObject","inLanguage":"fr-FR","@id":"https:\/\/www.thinkingafrica.org\/V2\/la-caric-enjeux-geopolitiques-et-defis-de-la-mise-en-oeuvre\/#primaryimage","url":"https:\/\/www.thinkingafrica.org\/V2\/wp-content\/uploads\/2014\/01\/Sommet_AfriqueFrance-e1390949458509.jpg","contentUrl":"https:\/\/www.thinkingafrica.org\/V2\/wp-content\/uploads\/2014\/01\/Sommet_AfriqueFrance-e1390949458509.jpg","width":450,"height":297},{"@type":"BreadcrumbList","@id":"https:\/\/www.thinkingafrica.org\/V2\/la-caric-enjeux-geopolitiques-et-defis-de-la-mise-en-oeuvre\/#breadcrumb","itemListElement":[{"@type":"ListItem","position":1,"name":"Accueil","item":"https:\/\/www.thinkingafrica.org\/V2\/"},{"@type":"ListItem","position":2,"name":"La CARIC : enjeux g\u00e9opolitiques et d\u00e9fis de la mise en \u0153uvre"}]},{"@type":"WebSite","@id":"https:\/\/www.thinkingafrica.org\/V2\/#website","url":"https:\/\/www.thinkingafrica.org\/V2\/","name":"Thinking Africa","description":"Recherche, r\u00e9flexions et ressources pour r\u00e9inventer le leadership africain","potentialAction":[{"@type":"SearchAction","target":{"@type":"EntryPoint","urlTemplate":"https:\/\/www.thinkingafrica.org\/V2\/?s={search_term_string}"},"query-input":{"@type":"PropertyValueSpecification","valueRequired":true,"valueName":"search_term_string"}}],"inLanguage":"fr-FR"},{"@type":"Person","@id":"https:\/\/www.thinkingafrica.org\/V2\/#\/schema\/person\/d43605ef0d5681c1b27a4ba1fede1cf4","name":"TA","image":{"@type":"ImageObject","inLanguage":"fr-FR","@id":"https:\/\/secure.gravatar.com\/avatar\/6c005dccdd1d09c481deffc8260557ebd4ca64fcb9b827c2d0426e626336abdf?s=96&d=mm&r=g","url":"https:\/\/secure.gravatar.com\/avatar\/6c005dccdd1d09c481deffc8260557ebd4ca64fcb9b827c2d0426e626336abdf?s=96&d=mm&r=g","contentUrl":"https:\/\/secure.gravatar.com\/avatar\/6c005dccdd1d09c481deffc8260557ebd4ca64fcb9b827c2d0426e626336abdf?s=96&d=mm&r=g","caption":"TA"},"description":"Thinking Africa est un institut de recherche et d'enseignement sur la paix. R\u00e9seau de jeunes chercheurs, d\u2019universitaires confirm\u00e9s et d\u2019experts, Thinking Africa offre, aux institutions, aux gouvernements, aux soci\u00e9t\u00e9s civiles, et aux organisations, des analyses et recommandations pour vivre la paix sur le continent africain.","url":"https:\/\/www.thinkingafrica.org\/V2\/author\/admin\/"}]}},"_links":{"self":[{"href":"https:\/\/www.thinkingafrica.org\/V2\/wp-json\/wp\/v2\/posts\/2706","targetHints":{"allow":["GET"]}}],"collection":[{"href":"https:\/\/www.thinkingafrica.org\/V2\/wp-json\/wp\/v2\/posts"}],"about":[{"href":"https:\/\/www.thinkingafrica.org\/V2\/wp-json\/wp\/v2\/types\/post"}],"author":[{"embeddable":true,"href":"https:\/\/www.thinkingafrica.org\/V2\/wp-json\/wp\/v2\/users\/1"}],"replies":[{"embeddable":true,"href":"https:\/\/www.thinkingafrica.org\/V2\/wp-json\/wp\/v2\/comments?post=2706"}],"version-history":[{"count":5,"href":"https:\/\/www.thinkingafrica.org\/V2\/wp-json\/wp\/v2\/posts\/2706\/revisions"}],"predecessor-version":[{"id":2719,"href":"https:\/\/www.thinkingafrica.org\/V2\/wp-json\/wp\/v2\/posts\/2706\/revisions\/2719"}],"wp:featuredmedia":[{"embeddable":true,"href":"https:\/\/www.thinkingafrica.org\/V2\/wp-json\/wp\/v2\/media\/2709"}],"wp:attachment":[{"href":"https:\/\/www.thinkingafrica.org\/V2\/wp-json\/wp\/v2\/media?parent=2706"}],"wp:term":[{"taxonomy":"category","embeddable":true,"href":"https:\/\/www.thinkingafrica.org\/V2\/wp-json\/wp\/v2\/categories?post=2706"},{"taxonomy":"post_tag","embeddable":true,"href":"https:\/\/www.thinkingafrica.org\/V2\/wp-json\/wp\/v2\/tags?post=2706"}],"curies":[{"name":"wp","href":"https:\/\/api.w.org\/{rel}","templated":true}]}}