{"id":3733,"date":"2015-03-07T23:20:01","date_gmt":"2015-03-07T22:20:01","guid":{"rendered":"http:\/\/www.thinkingafrica.org\/V2\/?p=3733"},"modified":"2021-05-25T16:00:20","modified_gmt":"2021-05-25T14:00:20","slug":"nous-le-peuple-relecture-du-role-du-peuple-dans-les-mutations-constitutionnelles-recentes-en-afrique","status":"publish","type":"post","link":"https:\/\/www.thinkingafrica.org\/V2\/nous-le-peuple-relecture-du-role-du-peuple-dans-les-mutations-constitutionnelles-recentes-en-afrique\/","title":{"rendered":"Nous, le Peuple ! Relecture du r\u00f4le du peuple dans les mutations constitutionnelles r\u00e9centes en Afrique"},"content":{"rendered":"<p>Kpri Kobenan Kra | Juriste.<\/p>\n<p><strong>INTRODUCTION<\/strong><br \/>\nAu moment o\u00f9 nous entamons la r\u00e9daction de cette note, un tableau du drame d\u00e9mocratique africain est en train de se jouer en RDC. Il met en sc\u00e8ne un r\u00e9gime politique en fin de mandat, qui, pour r\u00e9pondre \u00e0 l\u2019appel du \u00ab\u00a0Peuple\u00a0\u00bb, veut par tous les moyens, se maintenir au pouvoir, d\u2019une part, et d\u2019autre part, \u00ab\u00a0le Peuple\u00a0\u00bb, qui s\u2019y oppose, en prenant la rue.<\/p>\n<p>Les images du peuple qui s\u2019oppose au peuple et au nom du peuple, \u00e0 travers les printemps arabes  et autres convulsions politiques r\u00e9centes en Afrique subsaharienne, ont remis sous les feux de rampe, la place centrale qu\u2019il occupe dans les changements politiques. Elles obligent aussi \u00e0 remettre dans l\u2019espace du d\u00e9bat scientifique la probl\u00e9matique de la d\u00e9finition du peuple. De quel peuple parle-t-on ? Qui est ce peuple descendu dans les rues, campant sur les places, affrontant les forces de l\u2019ordre, scandant des slogans g\u00e9n\u00e9ralement contre,mais parfois pour, certains dirigeants?<\/p>\n<p>Tel un serpent de mer, le peuple est un concept ambigu, fuyant, voire insaisissable. Et malgr\u00e9 le nombre et la qualit\u00e9 des travaux relatifs \u00e0 cette notion, aucune d\u00e9finition unanime n\u2019est admise \u00e0 son sujet. Inexistant dans le vocabulaire du droit international, il est, quasi-unanimement, int\u00e9gr\u00e9 \u00e0 l\u2019Etat-nation en droit constitutionnel, depuis la r\u00e9volution fran\u00e7aise th\u00e9oris\u00e9e par l\u2019Abb\u00e9 Siey\u00e8s. Complexe, la notion de peuple int\u00e8gre unit\u00e9 et diversit\u00e9 : Elle rev\u00eat diff\u00e9rents sens. En effet, le peuple dont nous parlons, ici, ce n\u2019est ni le peuple ethnique (ethnos) ni le peuple social discriminant (plebs, vulgus, turba, laos) mais le peuple comme concept politique englobant (populos, le demos). <\/p>\n<p>H\u00e9ritiers de la tradition constitutionnelle fran\u00e7aise, les Etats africains francophones int\u00e9greront ce passif dans leur vie politique et institutionnelle. Au surplus, la n\u00e9cessit\u00e9 de la construction d\u2019une Nation sur les traces des Etats artificiels laiss\u00e9s par le colon, conduira \u00e0 faire de la notion de \u00ab peuple \u00bb, une simple formule incantatoire . Ainsi, quoi qu\u2019immens\u00e9ment pr\u00e9sent, le peuple, demeure, aussi paradoxal que cela puisse \u00eatre, \u00ab introuvable \u00bb . Et pourtant, que n\u2019a-t-on pas dit et fait \u00ab au nom du peuple\u00bb! <\/p>\n<p>L\u2019objet de cet article, est sans aucune pr\u00e9tention, d\u2019apporter un \u00e9clairage nouveau sur l\u2019identit\u00e9 du peuple sous le prisme de son d\u00e9ploiement dans l\u2019action politique en Afrique.<\/p>\n<p>&nbsp;<\/p>\n<span class=\"su-highlight\" style=\"background:#ffffff;color:#d84a3a\">&nbsp;<a href=\"http:\/\/www.thinkingafrica.org\/V2\/wp-content\/uploads\/2015\/03\/role-du-peuple.pdf\"><strong>TELECHARGEZ LA NOTE DE RECHERCHE EN PDF<\/strong><\/a>&nbsp;<\/span>\n&nbsp;<\/p>\n<div class=\"su-document su-u-responsive-media-yes\"><iframe loading=\"lazy\" src=\"\/\/docs.google.com\/viewer?embedded=true&url=http:\/\/www.thinkingafrica.org\/V2\/wp-content\/uploads\/2015\/03\/role-du-peuple.pdf\" width=\"400\" height=\"300\" class=\"su-document\" title=\"\"><\/iframe><\/div>\n&nbsp;<\/p>\n","protected":false},"excerpt":{"rendered":"<p>Kpri Kobenan Kra | Juriste. INTRODUCTION Au moment o\u00f9 nous entamons la r\u00e9daction de cette note, un tableau du drame d\u00e9mocratique africain est en train de se jouer en RDC. Il met en sc\u00e8ne un r\u00e9gime politique en fin de mandat, qui, pour r\u00e9pondre \u00e0 l\u2019appel du \u00ab\u00a0Peuple\u00a0\u00bb, veut par tous les moyens, se maintenir [&hellip;]<\/p>\n","protected":false},"author":1,"featured_media":3737,"comment_status":"open","ping_status":"open","sticky":false,"template":"","format":"standard","meta":{"_acf_changed":false,"rs_blank_template":"","rs_page_bg_color":"","slide_template_v7":"","footnotes":""},"categories":[14,235,23,40],"tags":[],"class_list":["post-3733","post","type-post","status-publish","format-standard","has-post-thumbnail","hentry","category-afrique","category-kobenan","category-note-recherche","category-gouvernance"],"acf":[],"yoast_head":"<!-- This site is optimized with the Yoast SEO plugin v27.5 - https:\/\/yoast.com\/product\/yoast-seo-wordpress\/ -->\n<title>Nous, le Peuple ! Relecture du r\u00f4le du peuple dans les mutations constitutionnelles r\u00e9centes en Afrique - Thinking Africa<\/title>\n<meta name=\"robots\" content=\"index, follow, max-snippet:-1, max-image-preview:large, max-video-preview:-1\" \/>\n<link rel=\"canonical\" href=\"https:\/\/www.thinkingafrica.org\/V2\/nous-le-peuple-relecture-du-role-du-peuple-dans-les-mutations-constitutionnelles-recentes-en-afrique\/\" \/>\n<meta property=\"og:locale\" content=\"fr_FR\" \/>\n<meta property=\"og:type\" content=\"article\" \/>\n<meta property=\"og:title\" content=\"Nous, le Peuple ! Relecture du r\u00f4le du peuple dans les mutations constitutionnelles r\u00e9centes en Afrique - Thinking Africa\" \/>\n<meta property=\"og:description\" content=\"Kpri Kobenan Kra | Juriste. INTRODUCTION Au moment o\u00f9 nous entamons la r\u00e9daction de cette note, un tableau du drame d\u00e9mocratique africain est en train de se jouer en RDC. Il met en sc\u00e8ne un r\u00e9gime politique en fin de mandat, qui, pour r\u00e9pondre \u00e0 l\u2019appel du \u00ab\u00a0Peuple\u00a0\u00bb, veut par tous les moyens, se maintenir [&hellip;]\" \/>\n<meta property=\"og:url\" content=\"https:\/\/www.thinkingafrica.org\/V2\/nous-le-peuple-relecture-du-role-du-peuple-dans-les-mutations-constitutionnelles-recentes-en-afrique\/\" \/>\n<meta property=\"og:site_name\" content=\"Thinking Africa\" \/>\n<meta property=\"article:published_time\" content=\"2015-03-07T22:20:01+00:00\" \/>\n<meta property=\"article:modified_time\" content=\"2021-05-25T14:00:20+00:00\" \/>\n<meta property=\"og:image\" content=\"https:\/\/www.thinkingafrica.org\/V2\/wp-content\/uploads\/2015\/03\/Peuple-Souverain2.jpg\" \/>\n\t<meta property=\"og:image:width\" content=\"960\" \/>\n\t<meta property=\"og:image:height\" content=\"637\" \/>\n\t<meta property=\"og:image:type\" content=\"image\/jpeg\" \/>\n<meta name=\"author\" content=\"TA\" \/>\n<meta name=\"twitter:card\" content=\"summary_large_image\" \/>\n<meta name=\"twitter:label1\" content=\"\u00c9crit par\" \/>\n\t<meta name=\"twitter:data1\" content=\"TA\" \/>\n\t<meta name=\"twitter:label2\" content=\"Dur\u00e9e de lecture estim\u00e9e\" \/>\n\t<meta name=\"twitter:data2\" content=\"2 minutes\" \/>\n<script type=\"application\/ld+json\" class=\"yoast-schema-graph\">{\"@context\":\"https:\\\/\\\/schema.org\",\"@graph\":[{\"@type\":\"Article\",\"@id\":\"https:\\\/\\\/www.thinkingafrica.org\\\/V2\\\/nous-le-peuple-relecture-du-role-du-peuple-dans-les-mutations-constitutionnelles-recentes-en-afrique\\\/#article\",\"isPartOf\":{\"@id\":\"https:\\\/\\\/www.thinkingafrica.org\\\/V2\\\/nous-le-peuple-relecture-du-role-du-peuple-dans-les-mutations-constitutionnelles-recentes-en-afrique\\\/\"},\"author\":{\"name\":\"TA\",\"@id\":\"https:\\\/\\\/www.thinkingafrica.org\\\/V2\\\/#\\\/schema\\\/person\\\/d43605ef0d5681c1b27a4ba1fede1cf4\"},\"headline\":\"Nous, le Peuple ! Relecture du r\u00f4le du peuple dans les mutations constitutionnelles r\u00e9centes en Afrique\",\"datePublished\":\"2015-03-07T22:20:01+00:00\",\"dateModified\":\"2021-05-25T14:00:20+00:00\",\"mainEntityOfPage\":{\"@id\":\"https:\\\/\\\/www.thinkingafrica.org\\\/V2\\\/nous-le-peuple-relecture-du-role-du-peuple-dans-les-mutations-constitutionnelles-recentes-en-afrique\\\/\"},\"wordCount\":462,\"commentCount\":0,\"image\":{\"@id\":\"https:\\\/\\\/www.thinkingafrica.org\\\/V2\\\/nous-le-peuple-relecture-du-role-du-peuple-dans-les-mutations-constitutionnelles-recentes-en-afrique\\\/#primaryimage\"},\"thumbnailUrl\":\"https:\\\/\\\/www.thinkingafrica.org\\\/V2\\\/wp-content\\\/uploads\\\/2015\\\/03\\\/Peuple-Souverain2.jpg\",\"articleSection\":[\"Afrique\",\"Kpri Kobenan Kra\",\"Note de recherche\",\"Politiques, strat\u00e9gies &amp; diplomaties \u00e9conomiques\"],\"inLanguage\":\"fr-FR\",\"potentialAction\":[{\"@type\":\"CommentAction\",\"name\":\"Comment\",\"target\":[\"https:\\\/\\\/www.thinkingafrica.org\\\/V2\\\/nous-le-peuple-relecture-du-role-du-peuple-dans-les-mutations-constitutionnelles-recentes-en-afrique\\\/#respond\"]}]},{\"@type\":\"WebPage\",\"@id\":\"https:\\\/\\\/www.thinkingafrica.org\\\/V2\\\/nous-le-peuple-relecture-du-role-du-peuple-dans-les-mutations-constitutionnelles-recentes-en-afrique\\\/\",\"url\":\"https:\\\/\\\/www.thinkingafrica.org\\\/V2\\\/nous-le-peuple-relecture-du-role-du-peuple-dans-les-mutations-constitutionnelles-recentes-en-afrique\\\/\",\"name\":\"Nous, le Peuple ! Relecture du r\u00f4le du peuple dans les mutations constitutionnelles r\u00e9centes en Afrique - Thinking Africa\",\"isPartOf\":{\"@id\":\"https:\\\/\\\/www.thinkingafrica.org\\\/V2\\\/#website\"},\"primaryImageOfPage\":{\"@id\":\"https:\\\/\\\/www.thinkingafrica.org\\\/V2\\\/nous-le-peuple-relecture-du-role-du-peuple-dans-les-mutations-constitutionnelles-recentes-en-afrique\\\/#primaryimage\"},\"image\":{\"@id\":\"https:\\\/\\\/www.thinkingafrica.org\\\/V2\\\/nous-le-peuple-relecture-du-role-du-peuple-dans-les-mutations-constitutionnelles-recentes-en-afrique\\\/#primaryimage\"},\"thumbnailUrl\":\"https:\\\/\\\/www.thinkingafrica.org\\\/V2\\\/wp-content\\\/uploads\\\/2015\\\/03\\\/Peuple-Souverain2.jpg\",\"datePublished\":\"2015-03-07T22:20:01+00:00\",\"dateModified\":\"2021-05-25T14:00:20+00:00\",\"author\":{\"@id\":\"https:\\\/\\\/www.thinkingafrica.org\\\/V2\\\/#\\\/schema\\\/person\\\/d43605ef0d5681c1b27a4ba1fede1cf4\"},\"breadcrumb\":{\"@id\":\"https:\\\/\\\/www.thinkingafrica.org\\\/V2\\\/nous-le-peuple-relecture-du-role-du-peuple-dans-les-mutations-constitutionnelles-recentes-en-afrique\\\/#breadcrumb\"},\"inLanguage\":\"fr-FR\",\"potentialAction\":[{\"@type\":\"ReadAction\",\"target\":[\"https:\\\/\\\/www.thinkingafrica.org\\\/V2\\\/nous-le-peuple-relecture-du-role-du-peuple-dans-les-mutations-constitutionnelles-recentes-en-afrique\\\/\"]}]},{\"@type\":\"ImageObject\",\"inLanguage\":\"fr-FR\",\"@id\":\"https:\\\/\\\/www.thinkingafrica.org\\\/V2\\\/nous-le-peuple-relecture-du-role-du-peuple-dans-les-mutations-constitutionnelles-recentes-en-afrique\\\/#primaryimage\",\"url\":\"https:\\\/\\\/www.thinkingafrica.org\\\/V2\\\/wp-content\\\/uploads\\\/2015\\\/03\\\/Peuple-Souverain2.jpg\",\"contentUrl\":\"https:\\\/\\\/www.thinkingafrica.org\\\/V2\\\/wp-content\\\/uploads\\\/2015\\\/03\\\/Peuple-Souverain2.jpg\",\"width\":960,\"height\":637},{\"@type\":\"BreadcrumbList\",\"@id\":\"https:\\\/\\\/www.thinkingafrica.org\\\/V2\\\/nous-le-peuple-relecture-du-role-du-peuple-dans-les-mutations-constitutionnelles-recentes-en-afrique\\\/#breadcrumb\",\"itemListElement\":[{\"@type\":\"ListItem\",\"position\":1,\"name\":\"Accueil\",\"item\":\"https:\\\/\\\/www.thinkingafrica.org\\\/V2\\\/\"},{\"@type\":\"ListItem\",\"position\":2,\"name\":\"Nous, le Peuple ! Relecture du r\u00f4le du peuple dans les mutations constitutionnelles r\u00e9centes en Afrique\"}]},{\"@type\":\"WebSite\",\"@id\":\"https:\\\/\\\/www.thinkingafrica.org\\\/V2\\\/#website\",\"url\":\"https:\\\/\\\/www.thinkingafrica.org\\\/V2\\\/\",\"name\":\"Thinking Africa\",\"description\":\"Recherche, r\u00e9flexions et ressources pour r\u00e9inventer le leadership africain\",\"potentialAction\":[{\"@type\":\"SearchAction\",\"target\":{\"@type\":\"EntryPoint\",\"urlTemplate\":\"https:\\\/\\\/www.thinkingafrica.org\\\/V2\\\/?s={search_term_string}\"},\"query-input\":{\"@type\":\"PropertyValueSpecification\",\"valueRequired\":true,\"valueName\":\"search_term_string\"}}],\"inLanguage\":\"fr-FR\"},{\"@type\":\"Person\",\"@id\":\"https:\\\/\\\/www.thinkingafrica.org\\\/V2\\\/#\\\/schema\\\/person\\\/d43605ef0d5681c1b27a4ba1fede1cf4\",\"name\":\"TA\",\"image\":{\"@type\":\"ImageObject\",\"inLanguage\":\"fr-FR\",\"@id\":\"https:\\\/\\\/secure.gravatar.com\\\/avatar\\\/6c005dccdd1d09c481deffc8260557ebd4ca64fcb9b827c2d0426e626336abdf?s=96&d=mm&r=g\",\"url\":\"https:\\\/\\\/secure.gravatar.com\\\/avatar\\\/6c005dccdd1d09c481deffc8260557ebd4ca64fcb9b827c2d0426e626336abdf?s=96&d=mm&r=g\",\"contentUrl\":\"https:\\\/\\\/secure.gravatar.com\\\/avatar\\\/6c005dccdd1d09c481deffc8260557ebd4ca64fcb9b827c2d0426e626336abdf?s=96&d=mm&r=g\",\"caption\":\"TA\"},\"description\":\"Thinking Africa est un institut de recherche et d'enseignement sur la paix. R\u00e9seau de jeunes chercheurs, d\u2019universitaires confirm\u00e9s et d\u2019experts, Thinking Africa offre, aux institutions, aux gouvernements, aux soci\u00e9t\u00e9s civiles, et aux organisations, des analyses et recommandations pour vivre la paix sur le continent africain.\",\"url\":\"https:\\\/\\\/www.thinkingafrica.org\\\/V2\\\/author\\\/admin\\\/\"}]}<\/script>\n<!-- \/ Yoast SEO plugin. -->","yoast_head_json":{"title":"Nous, le Peuple ! Relecture du r\u00f4le du peuple dans les mutations constitutionnelles r\u00e9centes en Afrique - Thinking Africa","robots":{"index":"index","follow":"follow","max-snippet":"max-snippet:-1","max-image-preview":"max-image-preview:large","max-video-preview":"max-video-preview:-1"},"canonical":"https:\/\/www.thinkingafrica.org\/V2\/nous-le-peuple-relecture-du-role-du-peuple-dans-les-mutations-constitutionnelles-recentes-en-afrique\/","og_locale":"fr_FR","og_type":"article","og_title":"Nous, le Peuple ! Relecture du r\u00f4le du peuple dans les mutations constitutionnelles r\u00e9centes en Afrique - Thinking Africa","og_description":"Kpri Kobenan Kra | Juriste. INTRODUCTION Au moment o\u00f9 nous entamons la r\u00e9daction de cette note, un tableau du drame d\u00e9mocratique africain est en train de se jouer en RDC. Il met en sc\u00e8ne un r\u00e9gime politique en fin de mandat, qui, pour r\u00e9pondre \u00e0 l\u2019appel du \u00ab\u00a0Peuple\u00a0\u00bb, veut par tous les moyens, se maintenir [&hellip;]","og_url":"https:\/\/www.thinkingafrica.org\/V2\/nous-le-peuple-relecture-du-role-du-peuple-dans-les-mutations-constitutionnelles-recentes-en-afrique\/","og_site_name":"Thinking Africa","article_published_time":"2015-03-07T22:20:01+00:00","article_modified_time":"2021-05-25T14:00:20+00:00","og_image":[{"width":960,"height":637,"url":"https:\/\/www.thinkingafrica.org\/V2\/wp-content\/uploads\/2015\/03\/Peuple-Souverain2.jpg","type":"image\/jpeg"}],"author":"TA","twitter_card":"summary_large_image","twitter_misc":{"\u00c9crit par":"TA","Dur\u00e9e de lecture estim\u00e9e":"2 minutes"},"schema":{"@context":"https:\/\/schema.org","@graph":[{"@type":"Article","@id":"https:\/\/www.thinkingafrica.org\/V2\/nous-le-peuple-relecture-du-role-du-peuple-dans-les-mutations-constitutionnelles-recentes-en-afrique\/#article","isPartOf":{"@id":"https:\/\/www.thinkingafrica.org\/V2\/nous-le-peuple-relecture-du-role-du-peuple-dans-les-mutations-constitutionnelles-recentes-en-afrique\/"},"author":{"name":"TA","@id":"https:\/\/www.thinkingafrica.org\/V2\/#\/schema\/person\/d43605ef0d5681c1b27a4ba1fede1cf4"},"headline":"Nous, le Peuple ! Relecture du r\u00f4le du peuple dans les mutations constitutionnelles r\u00e9centes en Afrique","datePublished":"2015-03-07T22:20:01+00:00","dateModified":"2021-05-25T14:00:20+00:00","mainEntityOfPage":{"@id":"https:\/\/www.thinkingafrica.org\/V2\/nous-le-peuple-relecture-du-role-du-peuple-dans-les-mutations-constitutionnelles-recentes-en-afrique\/"},"wordCount":462,"commentCount":0,"image":{"@id":"https:\/\/www.thinkingafrica.org\/V2\/nous-le-peuple-relecture-du-role-du-peuple-dans-les-mutations-constitutionnelles-recentes-en-afrique\/#primaryimage"},"thumbnailUrl":"https:\/\/www.thinkingafrica.org\/V2\/wp-content\/uploads\/2015\/03\/Peuple-Souverain2.jpg","articleSection":["Afrique","Kpri Kobenan Kra","Note de recherche","Politiques, strat\u00e9gies &amp; diplomaties \u00e9conomiques"],"inLanguage":"fr-FR","potentialAction":[{"@type":"CommentAction","name":"Comment","target":["https:\/\/www.thinkingafrica.org\/V2\/nous-le-peuple-relecture-du-role-du-peuple-dans-les-mutations-constitutionnelles-recentes-en-afrique\/#respond"]}]},{"@type":"WebPage","@id":"https:\/\/www.thinkingafrica.org\/V2\/nous-le-peuple-relecture-du-role-du-peuple-dans-les-mutations-constitutionnelles-recentes-en-afrique\/","url":"https:\/\/www.thinkingafrica.org\/V2\/nous-le-peuple-relecture-du-role-du-peuple-dans-les-mutations-constitutionnelles-recentes-en-afrique\/","name":"Nous, le Peuple ! Relecture du r\u00f4le du peuple dans les mutations constitutionnelles r\u00e9centes en Afrique - Thinking Africa","isPartOf":{"@id":"https:\/\/www.thinkingafrica.org\/V2\/#website"},"primaryImageOfPage":{"@id":"https:\/\/www.thinkingafrica.org\/V2\/nous-le-peuple-relecture-du-role-du-peuple-dans-les-mutations-constitutionnelles-recentes-en-afrique\/#primaryimage"},"image":{"@id":"https:\/\/www.thinkingafrica.org\/V2\/nous-le-peuple-relecture-du-role-du-peuple-dans-les-mutations-constitutionnelles-recentes-en-afrique\/#primaryimage"},"thumbnailUrl":"https:\/\/www.thinkingafrica.org\/V2\/wp-content\/uploads\/2015\/03\/Peuple-Souverain2.jpg","datePublished":"2015-03-07T22:20:01+00:00","dateModified":"2021-05-25T14:00:20+00:00","author":{"@id":"https:\/\/www.thinkingafrica.org\/V2\/#\/schema\/person\/d43605ef0d5681c1b27a4ba1fede1cf4"},"breadcrumb":{"@id":"https:\/\/www.thinkingafrica.org\/V2\/nous-le-peuple-relecture-du-role-du-peuple-dans-les-mutations-constitutionnelles-recentes-en-afrique\/#breadcrumb"},"inLanguage":"fr-FR","potentialAction":[{"@type":"ReadAction","target":["https:\/\/www.thinkingafrica.org\/V2\/nous-le-peuple-relecture-du-role-du-peuple-dans-les-mutations-constitutionnelles-recentes-en-afrique\/"]}]},{"@type":"ImageObject","inLanguage":"fr-FR","@id":"https:\/\/www.thinkingafrica.org\/V2\/nous-le-peuple-relecture-du-role-du-peuple-dans-les-mutations-constitutionnelles-recentes-en-afrique\/#primaryimage","url":"https:\/\/www.thinkingafrica.org\/V2\/wp-content\/uploads\/2015\/03\/Peuple-Souverain2.jpg","contentUrl":"https:\/\/www.thinkingafrica.org\/V2\/wp-content\/uploads\/2015\/03\/Peuple-Souverain2.jpg","width":960,"height":637},{"@type":"BreadcrumbList","@id":"https:\/\/www.thinkingafrica.org\/V2\/nous-le-peuple-relecture-du-role-du-peuple-dans-les-mutations-constitutionnelles-recentes-en-afrique\/#breadcrumb","itemListElement":[{"@type":"ListItem","position":1,"name":"Accueil","item":"https:\/\/www.thinkingafrica.org\/V2\/"},{"@type":"ListItem","position":2,"name":"Nous, le Peuple ! Relecture du r\u00f4le du peuple dans les mutations constitutionnelles r\u00e9centes en Afrique"}]},{"@type":"WebSite","@id":"https:\/\/www.thinkingafrica.org\/V2\/#website","url":"https:\/\/www.thinkingafrica.org\/V2\/","name":"Thinking Africa","description":"Recherche, r\u00e9flexions et ressources pour r\u00e9inventer le leadership africain","potentialAction":[{"@type":"SearchAction","target":{"@type":"EntryPoint","urlTemplate":"https:\/\/www.thinkingafrica.org\/V2\/?s={search_term_string}"},"query-input":{"@type":"PropertyValueSpecification","valueRequired":true,"valueName":"search_term_string"}}],"inLanguage":"fr-FR"},{"@type":"Person","@id":"https:\/\/www.thinkingafrica.org\/V2\/#\/schema\/person\/d43605ef0d5681c1b27a4ba1fede1cf4","name":"TA","image":{"@type":"ImageObject","inLanguage":"fr-FR","@id":"https:\/\/secure.gravatar.com\/avatar\/6c005dccdd1d09c481deffc8260557ebd4ca64fcb9b827c2d0426e626336abdf?s=96&d=mm&r=g","url":"https:\/\/secure.gravatar.com\/avatar\/6c005dccdd1d09c481deffc8260557ebd4ca64fcb9b827c2d0426e626336abdf?s=96&d=mm&r=g","contentUrl":"https:\/\/secure.gravatar.com\/avatar\/6c005dccdd1d09c481deffc8260557ebd4ca64fcb9b827c2d0426e626336abdf?s=96&d=mm&r=g","caption":"TA"},"description":"Thinking Africa est un institut de recherche et d'enseignement sur la paix. R\u00e9seau de jeunes chercheurs, d\u2019universitaires confirm\u00e9s et d\u2019experts, Thinking Africa offre, aux institutions, aux gouvernements, aux soci\u00e9t\u00e9s civiles, et aux organisations, des analyses et recommandations pour vivre la paix sur le continent africain.","url":"https:\/\/www.thinkingafrica.org\/V2\/author\/admin\/"}]}},"_links":{"self":[{"href":"https:\/\/www.thinkingafrica.org\/V2\/wp-json\/wp\/v2\/posts\/3733","targetHints":{"allow":["GET"]}}],"collection":[{"href":"https:\/\/www.thinkingafrica.org\/V2\/wp-json\/wp\/v2\/posts"}],"about":[{"href":"https:\/\/www.thinkingafrica.org\/V2\/wp-json\/wp\/v2\/types\/post"}],"author":[{"embeddable":true,"href":"https:\/\/www.thinkingafrica.org\/V2\/wp-json\/wp\/v2\/users\/1"}],"replies":[{"embeddable":true,"href":"https:\/\/www.thinkingafrica.org\/V2\/wp-json\/wp\/v2\/comments?post=3733"}],"version-history":[{"count":3,"href":"https:\/\/www.thinkingafrica.org\/V2\/wp-json\/wp\/v2\/posts\/3733\/revisions"}],"predecessor-version":[{"id":3739,"href":"https:\/\/www.thinkingafrica.org\/V2\/wp-json\/wp\/v2\/posts\/3733\/revisions\/3739"}],"wp:featuredmedia":[{"embeddable":true,"href":"https:\/\/www.thinkingafrica.org\/V2\/wp-json\/wp\/v2\/media\/3737"}],"wp:attachment":[{"href":"https:\/\/www.thinkingafrica.org\/V2\/wp-json\/wp\/v2\/media?parent=3733"}],"wp:term":[{"taxonomy":"category","embeddable":true,"href":"https:\/\/www.thinkingafrica.org\/V2\/wp-json\/wp\/v2\/categories?post=3733"},{"taxonomy":"post_tag","embeddable":true,"href":"https:\/\/www.thinkingafrica.org\/V2\/wp-json\/wp\/v2\/tags?post=3733"}],"curies":[{"name":"wp","href":"https:\/\/api.w.org\/{rel}","templated":true}]}}