{"id":4827,"date":"2015-06-07T16:37:41","date_gmt":"2015-06-07T14:37:41","guid":{"rendered":"http:\/\/www.thinkingafrica.org\/V2\/?p=4827"},"modified":"2021-05-25T16:00:19","modified_gmt":"2021-05-25T14:00:19","slug":"universite-dete-diplomatique-et-strategique-22-au-26-juin-2015-a-paris","status":"publish","type":"post","link":"https:\/\/www.thinkingafrica.org\/V2\/universite-dete-diplomatique-et-strategique-22-au-26-juin-2015-a-paris\/","title":{"rendered":"Universit\u00e9 d\u2019\u00e9t\u00e9 diplomatique et strat\u00e9gique \u2013 N\u00e9gociaton, m\u00e9diation, leadership et d\u00e9fis de la politique \u00e9trang\u00e8re africaine \u2013 22 au 26 juin 2015 \u00e0 Paris"},"content":{"rendered":"<p>L\u2019Institut de relations internationales et strat\u00e9giques (IRIS), en partenariat avec Thinking Africa, institut de recherche et d\u2019enseignement sur la paix en Afrique, organise \u00e0 Paris, du 22 au 26 juin 2015, l\u2019Universit\u00e9 d\u2019\u00e9t\u00e9 diplomatique et strat\u00e9gique.<\/p>\n<p>L\u2019Universit\u00e9 propose cette ann\u00e9e une formation de haut niveau sur les outils de la diplomatie multilat\u00e9rale et les enjeux s\u00e9curitaires notamment li\u00e9s au d\u00e9veloppement du terrorisme en Afrique.<\/p>\n<p>La formation, sur cinq jours, est destin\u00e9e aux diplomates, officiers des arm\u00e9es et des forces de s\u00e9curit\u00e9, et aux personnels civils intervenant dans les secteurs de la coop\u00e9ration internationale, du d\u00e9veloppement, de la s\u00e9curit\u00e9 et de la d\u00e9fense.<\/p>\n<p><strong><a href=\"http:\/\/www.thinkingafrica.org\/V2\/wp-content\/uploads\/2015\/04\/Universit\u00e9-d-\u00e9t\u00e9-diplomatique-et-strat\u00e9gique-IRIS-Thinking-Africa-2015-3.pdf\">TELECHARGEZ LA PLAQUETTE D&rsquo;INFORMATION ET D&rsquo;INSCRIPTION (EN PDF)<\/a><\/strong><\/p>\n<div class=\"su-document su-u-responsive-media-yes\"><iframe loading=\"lazy\" src=\"\/\/docs.google.com\/viewer?embedded=true&url=http:\/\/www.thinkingafrica.org\/V2\/wp-content\/uploads\/2015\/04\/Universit\u00e9-d-\u00e9t\u00e9-diplomatique-et-strat\u00e9gique-IRIS-Thinking-Africa-2015-3.pdf\" width=\"470\" height=\"300\" class=\"su-document\" title=\"\"><\/iframe><\/div>\n<p><a href=\"http:\/\/www.thinkingafrica.org\/V2\/wp-content\/uploads\/2015\/04\/TA-Iris1.jpg\"><img loading=\"lazy\" decoding=\"async\" class=\"alignnone size-thumbnail wp-image-3849\" src=\"http:\/\/www.thinkingafrica.org\/V2\/wp-content\/uploads\/2015\/04\/TA-Iris1-150x150.jpg\" alt=\"TA-Iris1\" width=\"150\" height=\"150\" srcset=\"https:\/\/www.thinkingafrica.org\/V2\/wp-content\/uploads\/2015\/04\/TA-Iris1-150x150.jpg 150w, https:\/\/www.thinkingafrica.org\/V2\/wp-content\/uploads\/2015\/04\/TA-Iris1-300x300.jpg 300w, https:\/\/www.thinkingafrica.org\/V2\/wp-content\/uploads\/2015\/04\/TA-Iris1-100x100.jpg 100w\" sizes=\"auto, (max-width: 150px) 100vw, 150px\" \/><\/a>\u00a0\u00a0<a href=\"http:\/\/www.thinkingafrica.org\/V2\/wp-content\/uploads\/2015\/04\/TA-Iris2.jpg\"><img loading=\"lazy\" decoding=\"async\" class=\"alignnone size-thumbnail wp-image-3850\" src=\"http:\/\/www.thinkingafrica.org\/V2\/wp-content\/uploads\/2015\/04\/TA-Iris2-150x150.jpg\" alt=\"TA-Iris2\" width=\"150\" height=\"150\" srcset=\"https:\/\/www.thinkingafrica.org\/V2\/wp-content\/uploads\/2015\/04\/TA-Iris2-150x150.jpg 150w, https:\/\/www.thinkingafrica.org\/V2\/wp-content\/uploads\/2015\/04\/TA-Iris2-300x300.jpg 300w, https:\/\/www.thinkingafrica.org\/V2\/wp-content\/uploads\/2015\/04\/TA-Iris2-100x100.jpg 100w\" sizes=\"auto, (max-width: 150px) 100vw, 150px\" \/><\/a>\u00a0\u00a0<a href=\"http:\/\/www.thinkingafrica.org\/V2\/wp-content\/uploads\/2015\/04\/TA-Iris3.jpg\"><img loading=\"lazy\" decoding=\"async\" class=\"alignnone size-thumbnail wp-image-3851\" src=\"http:\/\/www.thinkingafrica.org\/V2\/wp-content\/uploads\/2015\/04\/TA-Iris3-150x150.jpg\" alt=\"TA-Iris3\" width=\"150\" height=\"150\" srcset=\"https:\/\/www.thinkingafrica.org\/V2\/wp-content\/uploads\/2015\/04\/TA-Iris3-150x150.jpg 150w, https:\/\/www.thinkingafrica.org\/V2\/wp-content\/uploads\/2015\/04\/TA-Iris3-300x300.jpg 300w, https:\/\/www.thinkingafrica.org\/V2\/wp-content\/uploads\/2015\/04\/TA-Iris3-100x100.jpg 100w\" sizes=\"auto, (max-width: 150px) 100vw, 150px\" \/><\/a>\u00a0\u00a0<a href=\"http:\/\/www.thinkingafrica.org\/V2\/wp-content\/uploads\/2015\/04\/TA-Iris4.jpg\"><img loading=\"lazy\" decoding=\"async\" class=\"alignnone size-thumbnail wp-image-3847\" src=\"http:\/\/www.thinkingafrica.org\/V2\/wp-content\/uploads\/2015\/04\/TA-Iris4-150x150.jpg\" alt=\"TA-Iris4\" width=\"150\" height=\"150\" srcset=\"https:\/\/www.thinkingafrica.org\/V2\/wp-content\/uploads\/2015\/04\/TA-Iris4-150x150.jpg 150w, https:\/\/www.thinkingafrica.org\/V2\/wp-content\/uploads\/2015\/04\/TA-Iris4-300x300.jpg 300w, https:\/\/www.thinkingafrica.org\/V2\/wp-content\/uploads\/2015\/04\/TA-Iris4-100x100.jpg 100w\" sizes=\"auto, (max-width: 150px) 100vw, 150px\" \/><\/a><\/p>\n","protected":false},"excerpt":{"rendered":"<p>L\u2019Institut de relations internationales et strat\u00e9giques (IRIS), en partenariat avec Thinking Africa, institut de recherche et d\u2019enseignement sur la paix en Afrique, organise \u00e0 Paris, du 22 au 26 juin 2015, l\u2019Universit\u00e9 d\u2019\u00e9t\u00e9 diplomatique et strat\u00e9gique. L\u2019Universit\u00e9 propose cette ann\u00e9e une formation de haut niveau sur les outils de la diplomatie multilat\u00e9rale et les enjeux [&hellip;]<\/p>\n","protected":false},"author":1,"featured_media":4828,"comment_status":"open","ping_status":"open","sticky":false,"template":"","format":"standard","meta":{"_acf_changed":false,"rs_blank_template":"","rs_page_bg_color":"","slide_template_v7":"","footnotes":""},"categories":[42],"tags":[],"class_list":["post-4827","post","type-post","status-publish","format-standard","has-post-thumbnail","hentry","category-communiques"],"acf":[],"yoast_head":"<!-- This site is optimized with the Yoast SEO plugin v27.5 - https:\/\/yoast.com\/product\/yoast-seo-wordpress\/ -->\n<title>Universit\u00e9 d\u2019\u00e9t\u00e9 diplomatique et strat\u00e9gique \u2013 N\u00e9gociaton, m\u00e9diation, leadership et d\u00e9fis de la politique \u00e9trang\u00e8re africaine \u2013 22 au 26 juin 2015 \u00e0 Paris - Thinking Africa<\/title>\n<meta name=\"robots\" content=\"index, follow, max-snippet:-1, max-image-preview:large, max-video-preview:-1\" \/>\n<link rel=\"canonical\" href=\"https:\/\/www.thinkingafrica.org\/V2\/universite-dete-diplomatique-et-strategique-22-au-26-juin-2015-a-paris\/\" \/>\n<meta property=\"og:locale\" content=\"fr_FR\" \/>\n<meta property=\"og:type\" content=\"article\" \/>\n<meta property=\"og:title\" content=\"Universit\u00e9 d\u2019\u00e9t\u00e9 diplomatique et strat\u00e9gique \u2013 N\u00e9gociaton, m\u00e9diation, leadership et d\u00e9fis de la politique \u00e9trang\u00e8re africaine \u2013 22 au 26 juin 2015 \u00e0 Paris - Thinking Africa\" \/>\n<meta property=\"og:description\" content=\"L\u2019Institut de relations internationales et strat\u00e9giques (IRIS), en partenariat avec Thinking Africa, institut de recherche et d\u2019enseignement sur la paix en Afrique, organise \u00e0 Paris, du 22 au 26 juin 2015, l\u2019Universit\u00e9 d\u2019\u00e9t\u00e9 diplomatique et strat\u00e9gique. L\u2019Universit\u00e9 propose cette ann\u00e9e une formation de haut niveau sur les outils de la diplomatie multilat\u00e9rale et les enjeux [&hellip;]\" \/>\n<meta property=\"og:url\" content=\"https:\/\/www.thinkingafrica.org\/V2\/universite-dete-diplomatique-et-strategique-22-au-26-juin-2015-a-paris\/\" \/>\n<meta property=\"og:site_name\" content=\"Thinking Africa\" \/>\n<meta property=\"article:published_time\" content=\"2015-06-07T14:37:41+00:00\" \/>\n<meta property=\"article:modified_time\" content=\"2021-05-25T14:00:19+00:00\" \/>\n<meta property=\"og:image\" content=\"https:\/\/www.thinkingafrica.org\/V2\/wp-content\/uploads\/2015\/07\/Iris-TA-Diplomatie.jpg\" \/>\n\t<meta property=\"og:image:width\" content=\"679\" \/>\n\t<meta property=\"og:image:height\" content=\"960\" \/>\n\t<meta property=\"og:image:type\" content=\"image\/jpeg\" \/>\n<meta name=\"author\" content=\"TA\" \/>\n<meta name=\"twitter:card\" content=\"summary_large_image\" \/>\n<meta name=\"twitter:label1\" content=\"\u00c9crit par\" \/>\n\t<meta name=\"twitter:data1\" content=\"TA\" \/>\n\t<meta name=\"twitter:label2\" content=\"Dur\u00e9e de lecture estim\u00e9e\" \/>\n\t<meta name=\"twitter:data2\" content=\"1 minute\" \/>\n<script type=\"application\/ld+json\" class=\"yoast-schema-graph\">{\"@context\":\"https:\\\/\\\/schema.org\",\"@graph\":[{\"@type\":\"Article\",\"@id\":\"https:\\\/\\\/www.thinkingafrica.org\\\/V2\\\/universite-dete-diplomatique-et-strategique-22-au-26-juin-2015-a-paris\\\/#article\",\"isPartOf\":{\"@id\":\"https:\\\/\\\/www.thinkingafrica.org\\\/V2\\\/universite-dete-diplomatique-et-strategique-22-au-26-juin-2015-a-paris\\\/\"},\"author\":{\"name\":\"TA\",\"@id\":\"https:\\\/\\\/www.thinkingafrica.org\\\/V2\\\/#\\\/schema\\\/person\\\/d43605ef0d5681c1b27a4ba1fede1cf4\"},\"headline\":\"Universit\u00e9 d\u2019\u00e9t\u00e9 diplomatique et strat\u00e9gique \u2013 N\u00e9gociaton, m\u00e9diation, leadership et d\u00e9fis de la politique \u00e9trang\u00e8re africaine \u2013 22 au 26 juin 2015 \u00e0 Paris\",\"datePublished\":\"2015-06-07T14:37:41+00:00\",\"dateModified\":\"2021-05-25T14:00:19+00:00\",\"mainEntityOfPage\":{\"@id\":\"https:\\\/\\\/www.thinkingafrica.org\\\/V2\\\/universite-dete-diplomatique-et-strategique-22-au-26-juin-2015-a-paris\\\/\"},\"wordCount\":168,\"commentCount\":0,\"image\":{\"@id\":\"https:\\\/\\\/www.thinkingafrica.org\\\/V2\\\/universite-dete-diplomatique-et-strategique-22-au-26-juin-2015-a-paris\\\/#primaryimage\"},\"thumbnailUrl\":\"https:\\\/\\\/www.thinkingafrica.org\\\/V2\\\/wp-content\\\/uploads\\\/2015\\\/07\\\/Iris-TA-Diplomatie.jpg\",\"articleSection\":[\"Communiqu\u00e9s\"],\"inLanguage\":\"fr-FR\",\"potentialAction\":[{\"@type\":\"CommentAction\",\"name\":\"Comment\",\"target\":[\"https:\\\/\\\/www.thinkingafrica.org\\\/V2\\\/universite-dete-diplomatique-et-strategique-22-au-26-juin-2015-a-paris\\\/#respond\"]}]},{\"@type\":\"WebPage\",\"@id\":\"https:\\\/\\\/www.thinkingafrica.org\\\/V2\\\/universite-dete-diplomatique-et-strategique-22-au-26-juin-2015-a-paris\\\/\",\"url\":\"https:\\\/\\\/www.thinkingafrica.org\\\/V2\\\/universite-dete-diplomatique-et-strategique-22-au-26-juin-2015-a-paris\\\/\",\"name\":\"Universit\u00e9 d\u2019\u00e9t\u00e9 diplomatique et strat\u00e9gique \u2013 N\u00e9gociaton, m\u00e9diation, leadership et d\u00e9fis de la politique \u00e9trang\u00e8re africaine \u2013 22 au 26 juin 2015 \u00e0 Paris - Thinking Africa\",\"isPartOf\":{\"@id\":\"https:\\\/\\\/www.thinkingafrica.org\\\/V2\\\/#website\"},\"primaryImageOfPage\":{\"@id\":\"https:\\\/\\\/www.thinkingafrica.org\\\/V2\\\/universite-dete-diplomatique-et-strategique-22-au-26-juin-2015-a-paris\\\/#primaryimage\"},\"image\":{\"@id\":\"https:\\\/\\\/www.thinkingafrica.org\\\/V2\\\/universite-dete-diplomatique-et-strategique-22-au-26-juin-2015-a-paris\\\/#primaryimage\"},\"thumbnailUrl\":\"https:\\\/\\\/www.thinkingafrica.org\\\/V2\\\/wp-content\\\/uploads\\\/2015\\\/07\\\/Iris-TA-Diplomatie.jpg\",\"datePublished\":\"2015-06-07T14:37:41+00:00\",\"dateModified\":\"2021-05-25T14:00:19+00:00\",\"author\":{\"@id\":\"https:\\\/\\\/www.thinkingafrica.org\\\/V2\\\/#\\\/schema\\\/person\\\/d43605ef0d5681c1b27a4ba1fede1cf4\"},\"breadcrumb\":{\"@id\":\"https:\\\/\\\/www.thinkingafrica.org\\\/V2\\\/universite-dete-diplomatique-et-strategique-22-au-26-juin-2015-a-paris\\\/#breadcrumb\"},\"inLanguage\":\"fr-FR\",\"potentialAction\":[{\"@type\":\"ReadAction\",\"target\":[\"https:\\\/\\\/www.thinkingafrica.org\\\/V2\\\/universite-dete-diplomatique-et-strategique-22-au-26-juin-2015-a-paris\\\/\"]}]},{\"@type\":\"ImageObject\",\"inLanguage\":\"fr-FR\",\"@id\":\"https:\\\/\\\/www.thinkingafrica.org\\\/V2\\\/universite-dete-diplomatique-et-strategique-22-au-26-juin-2015-a-paris\\\/#primaryimage\",\"url\":\"https:\\\/\\\/www.thinkingafrica.org\\\/V2\\\/wp-content\\\/uploads\\\/2015\\\/07\\\/Iris-TA-Diplomatie.jpg\",\"contentUrl\":\"https:\\\/\\\/www.thinkingafrica.org\\\/V2\\\/wp-content\\\/uploads\\\/2015\\\/07\\\/Iris-TA-Diplomatie.jpg\",\"width\":679,\"height\":960},{\"@type\":\"BreadcrumbList\",\"@id\":\"https:\\\/\\\/www.thinkingafrica.org\\\/V2\\\/universite-dete-diplomatique-et-strategique-22-au-26-juin-2015-a-paris\\\/#breadcrumb\",\"itemListElement\":[{\"@type\":\"ListItem\",\"position\":1,\"name\":\"Accueil\",\"item\":\"https:\\\/\\\/www.thinkingafrica.org\\\/V2\\\/\"},{\"@type\":\"ListItem\",\"position\":2,\"name\":\"Universit\u00e9 d\u2019\u00e9t\u00e9 diplomatique et strat\u00e9gique \u2013 N\u00e9gociaton, m\u00e9diation, leadership et d\u00e9fis de la politique \u00e9trang\u00e8re africaine \u2013 22 au 26 juin 2015 \u00e0 Paris\"}]},{\"@type\":\"WebSite\",\"@id\":\"https:\\\/\\\/www.thinkingafrica.org\\\/V2\\\/#website\",\"url\":\"https:\\\/\\\/www.thinkingafrica.org\\\/V2\\\/\",\"name\":\"Thinking Africa\",\"description\":\"Recherche, r\u00e9flexions et ressources pour r\u00e9inventer le leadership africain\",\"potentialAction\":[{\"@type\":\"SearchAction\",\"target\":{\"@type\":\"EntryPoint\",\"urlTemplate\":\"https:\\\/\\\/www.thinkingafrica.org\\\/V2\\\/?s={search_term_string}\"},\"query-input\":{\"@type\":\"PropertyValueSpecification\",\"valueRequired\":true,\"valueName\":\"search_term_string\"}}],\"inLanguage\":\"fr-FR\"},{\"@type\":\"Person\",\"@id\":\"https:\\\/\\\/www.thinkingafrica.org\\\/V2\\\/#\\\/schema\\\/person\\\/d43605ef0d5681c1b27a4ba1fede1cf4\",\"name\":\"TA\",\"image\":{\"@type\":\"ImageObject\",\"inLanguage\":\"fr-FR\",\"@id\":\"https:\\\/\\\/secure.gravatar.com\\\/avatar\\\/6c005dccdd1d09c481deffc8260557ebd4ca64fcb9b827c2d0426e626336abdf?s=96&d=mm&r=g\",\"url\":\"https:\\\/\\\/secure.gravatar.com\\\/avatar\\\/6c005dccdd1d09c481deffc8260557ebd4ca64fcb9b827c2d0426e626336abdf?s=96&d=mm&r=g\",\"contentUrl\":\"https:\\\/\\\/secure.gravatar.com\\\/avatar\\\/6c005dccdd1d09c481deffc8260557ebd4ca64fcb9b827c2d0426e626336abdf?s=96&d=mm&r=g\",\"caption\":\"TA\"},\"description\":\"Thinking Africa est un institut de recherche et d'enseignement sur la paix. R\u00e9seau de jeunes chercheurs, d\u2019universitaires confirm\u00e9s et d\u2019experts, Thinking Africa offre, aux institutions, aux gouvernements, aux soci\u00e9t\u00e9s civiles, et aux organisations, des analyses et recommandations pour vivre la paix sur le continent africain.\",\"url\":\"https:\\\/\\\/www.thinkingafrica.org\\\/V2\\\/author\\\/admin\\\/\"}]}<\/script>\n<!-- \/ Yoast SEO plugin. -->","yoast_head_json":{"title":"Universit\u00e9 d\u2019\u00e9t\u00e9 diplomatique et strat\u00e9gique \u2013 N\u00e9gociaton, m\u00e9diation, leadership et d\u00e9fis de la politique \u00e9trang\u00e8re africaine \u2013 22 au 26 juin 2015 \u00e0 Paris - Thinking Africa","robots":{"index":"index","follow":"follow","max-snippet":"max-snippet:-1","max-image-preview":"max-image-preview:large","max-video-preview":"max-video-preview:-1"},"canonical":"https:\/\/www.thinkingafrica.org\/V2\/universite-dete-diplomatique-et-strategique-22-au-26-juin-2015-a-paris\/","og_locale":"fr_FR","og_type":"article","og_title":"Universit\u00e9 d\u2019\u00e9t\u00e9 diplomatique et strat\u00e9gique \u2013 N\u00e9gociaton, m\u00e9diation, leadership et d\u00e9fis de la politique \u00e9trang\u00e8re africaine \u2013 22 au 26 juin 2015 \u00e0 Paris - Thinking Africa","og_description":"L\u2019Institut de relations internationales et strat\u00e9giques (IRIS), en partenariat avec Thinking Africa, institut de recherche et d\u2019enseignement sur la paix en Afrique, organise \u00e0 Paris, du 22 au 26 juin 2015, l\u2019Universit\u00e9 d\u2019\u00e9t\u00e9 diplomatique et strat\u00e9gique. L\u2019Universit\u00e9 propose cette ann\u00e9e une formation de haut niveau sur les outils de la diplomatie multilat\u00e9rale et les enjeux [&hellip;]","og_url":"https:\/\/www.thinkingafrica.org\/V2\/universite-dete-diplomatique-et-strategique-22-au-26-juin-2015-a-paris\/","og_site_name":"Thinking Africa","article_published_time":"2015-06-07T14:37:41+00:00","article_modified_time":"2021-05-25T14:00:19+00:00","og_image":[{"width":679,"height":960,"url":"https:\/\/www.thinkingafrica.org\/V2\/wp-content\/uploads\/2015\/07\/Iris-TA-Diplomatie.jpg","type":"image\/jpeg"}],"author":"TA","twitter_card":"summary_large_image","twitter_misc":{"\u00c9crit par":"TA","Dur\u00e9e de lecture estim\u00e9e":"1 minute"},"schema":{"@context":"https:\/\/schema.org","@graph":[{"@type":"Article","@id":"https:\/\/www.thinkingafrica.org\/V2\/universite-dete-diplomatique-et-strategique-22-au-26-juin-2015-a-paris\/#article","isPartOf":{"@id":"https:\/\/www.thinkingafrica.org\/V2\/universite-dete-diplomatique-et-strategique-22-au-26-juin-2015-a-paris\/"},"author":{"name":"TA","@id":"https:\/\/www.thinkingafrica.org\/V2\/#\/schema\/person\/d43605ef0d5681c1b27a4ba1fede1cf4"},"headline":"Universit\u00e9 d\u2019\u00e9t\u00e9 diplomatique et strat\u00e9gique \u2013 N\u00e9gociaton, m\u00e9diation, leadership et d\u00e9fis de la politique \u00e9trang\u00e8re africaine \u2013 22 au 26 juin 2015 \u00e0 Paris","datePublished":"2015-06-07T14:37:41+00:00","dateModified":"2021-05-25T14:00:19+00:00","mainEntityOfPage":{"@id":"https:\/\/www.thinkingafrica.org\/V2\/universite-dete-diplomatique-et-strategique-22-au-26-juin-2015-a-paris\/"},"wordCount":168,"commentCount":0,"image":{"@id":"https:\/\/www.thinkingafrica.org\/V2\/universite-dete-diplomatique-et-strategique-22-au-26-juin-2015-a-paris\/#primaryimage"},"thumbnailUrl":"https:\/\/www.thinkingafrica.org\/V2\/wp-content\/uploads\/2015\/07\/Iris-TA-Diplomatie.jpg","articleSection":["Communiqu\u00e9s"],"inLanguage":"fr-FR","potentialAction":[{"@type":"CommentAction","name":"Comment","target":["https:\/\/www.thinkingafrica.org\/V2\/universite-dete-diplomatique-et-strategique-22-au-26-juin-2015-a-paris\/#respond"]}]},{"@type":"WebPage","@id":"https:\/\/www.thinkingafrica.org\/V2\/universite-dete-diplomatique-et-strategique-22-au-26-juin-2015-a-paris\/","url":"https:\/\/www.thinkingafrica.org\/V2\/universite-dete-diplomatique-et-strategique-22-au-26-juin-2015-a-paris\/","name":"Universit\u00e9 d\u2019\u00e9t\u00e9 diplomatique et strat\u00e9gique \u2013 N\u00e9gociaton, m\u00e9diation, leadership et d\u00e9fis de la politique \u00e9trang\u00e8re africaine \u2013 22 au 26 juin 2015 \u00e0 Paris - Thinking Africa","isPartOf":{"@id":"https:\/\/www.thinkingafrica.org\/V2\/#website"},"primaryImageOfPage":{"@id":"https:\/\/www.thinkingafrica.org\/V2\/universite-dete-diplomatique-et-strategique-22-au-26-juin-2015-a-paris\/#primaryimage"},"image":{"@id":"https:\/\/www.thinkingafrica.org\/V2\/universite-dete-diplomatique-et-strategique-22-au-26-juin-2015-a-paris\/#primaryimage"},"thumbnailUrl":"https:\/\/www.thinkingafrica.org\/V2\/wp-content\/uploads\/2015\/07\/Iris-TA-Diplomatie.jpg","datePublished":"2015-06-07T14:37:41+00:00","dateModified":"2021-05-25T14:00:19+00:00","author":{"@id":"https:\/\/www.thinkingafrica.org\/V2\/#\/schema\/person\/d43605ef0d5681c1b27a4ba1fede1cf4"},"breadcrumb":{"@id":"https:\/\/www.thinkingafrica.org\/V2\/universite-dete-diplomatique-et-strategique-22-au-26-juin-2015-a-paris\/#breadcrumb"},"inLanguage":"fr-FR","potentialAction":[{"@type":"ReadAction","target":["https:\/\/www.thinkingafrica.org\/V2\/universite-dete-diplomatique-et-strategique-22-au-26-juin-2015-a-paris\/"]}]},{"@type":"ImageObject","inLanguage":"fr-FR","@id":"https:\/\/www.thinkingafrica.org\/V2\/universite-dete-diplomatique-et-strategique-22-au-26-juin-2015-a-paris\/#primaryimage","url":"https:\/\/www.thinkingafrica.org\/V2\/wp-content\/uploads\/2015\/07\/Iris-TA-Diplomatie.jpg","contentUrl":"https:\/\/www.thinkingafrica.org\/V2\/wp-content\/uploads\/2015\/07\/Iris-TA-Diplomatie.jpg","width":679,"height":960},{"@type":"BreadcrumbList","@id":"https:\/\/www.thinkingafrica.org\/V2\/universite-dete-diplomatique-et-strategique-22-au-26-juin-2015-a-paris\/#breadcrumb","itemListElement":[{"@type":"ListItem","position":1,"name":"Accueil","item":"https:\/\/www.thinkingafrica.org\/V2\/"},{"@type":"ListItem","position":2,"name":"Universit\u00e9 d\u2019\u00e9t\u00e9 diplomatique et strat\u00e9gique \u2013 N\u00e9gociaton, m\u00e9diation, leadership et d\u00e9fis de la politique \u00e9trang\u00e8re africaine \u2013 22 au 26 juin 2015 \u00e0 Paris"}]},{"@type":"WebSite","@id":"https:\/\/www.thinkingafrica.org\/V2\/#website","url":"https:\/\/www.thinkingafrica.org\/V2\/","name":"Thinking Africa","description":"Recherche, r\u00e9flexions et ressources pour r\u00e9inventer le leadership africain","potentialAction":[{"@type":"SearchAction","target":{"@type":"EntryPoint","urlTemplate":"https:\/\/www.thinkingafrica.org\/V2\/?s={search_term_string}"},"query-input":{"@type":"PropertyValueSpecification","valueRequired":true,"valueName":"search_term_string"}}],"inLanguage":"fr-FR"},{"@type":"Person","@id":"https:\/\/www.thinkingafrica.org\/V2\/#\/schema\/person\/d43605ef0d5681c1b27a4ba1fede1cf4","name":"TA","image":{"@type":"ImageObject","inLanguage":"fr-FR","@id":"https:\/\/secure.gravatar.com\/avatar\/6c005dccdd1d09c481deffc8260557ebd4ca64fcb9b827c2d0426e626336abdf?s=96&d=mm&r=g","url":"https:\/\/secure.gravatar.com\/avatar\/6c005dccdd1d09c481deffc8260557ebd4ca64fcb9b827c2d0426e626336abdf?s=96&d=mm&r=g","contentUrl":"https:\/\/secure.gravatar.com\/avatar\/6c005dccdd1d09c481deffc8260557ebd4ca64fcb9b827c2d0426e626336abdf?s=96&d=mm&r=g","caption":"TA"},"description":"Thinking Africa est un institut de recherche et d'enseignement sur la paix. R\u00e9seau de jeunes chercheurs, d\u2019universitaires confirm\u00e9s et d\u2019experts, Thinking Africa offre, aux institutions, aux gouvernements, aux soci\u00e9t\u00e9s civiles, et aux organisations, des analyses et recommandations pour vivre la paix sur le continent africain.","url":"https:\/\/www.thinkingafrica.org\/V2\/author\/admin\/"}]}},"_links":{"self":[{"href":"https:\/\/www.thinkingafrica.org\/V2\/wp-json\/wp\/v2\/posts\/4827","targetHints":{"allow":["GET"]}}],"collection":[{"href":"https:\/\/www.thinkingafrica.org\/V2\/wp-json\/wp\/v2\/posts"}],"about":[{"href":"https:\/\/www.thinkingafrica.org\/V2\/wp-json\/wp\/v2\/types\/post"}],"author":[{"embeddable":true,"href":"https:\/\/www.thinkingafrica.org\/V2\/wp-json\/wp\/v2\/users\/1"}],"replies":[{"embeddable":true,"href":"https:\/\/www.thinkingafrica.org\/V2\/wp-json\/wp\/v2\/comments?post=4827"}],"version-history":[{"count":1,"href":"https:\/\/www.thinkingafrica.org\/V2\/wp-json\/wp\/v2\/posts\/4827\/revisions"}],"predecessor-version":[{"id":4829,"href":"https:\/\/www.thinkingafrica.org\/V2\/wp-json\/wp\/v2\/posts\/4827\/revisions\/4829"}],"wp:featuredmedia":[{"embeddable":true,"href":"https:\/\/www.thinkingafrica.org\/V2\/wp-json\/wp\/v2\/media\/4828"}],"wp:attachment":[{"href":"https:\/\/www.thinkingafrica.org\/V2\/wp-json\/wp\/v2\/media?parent=4827"}],"wp:term":[{"taxonomy":"category","embeddable":true,"href":"https:\/\/www.thinkingafrica.org\/V2\/wp-json\/wp\/v2\/categories?post=4827"},{"taxonomy":"post_tag","embeddable":true,"href":"https:\/\/www.thinkingafrica.org\/V2\/wp-json\/wp\/v2\/tags?post=4827"}],"curies":[{"name":"wp","href":"https:\/\/api.w.org\/{rel}","templated":true}]}}