{"id":6639,"date":"2018-09-14T10:37:10","date_gmt":"2018-09-14T08:37:10","guid":{"rendered":"http:\/\/www.thinkingafrica.org\/V2\/?p=6639"},"modified":"2021-05-25T15:54:25","modified_gmt":"2021-05-25T13:54:25","slug":"lunion-africaine-et-la-prevention-des-conflits-armes","status":"publish","type":"post","link":"https:\/\/www.thinkingafrica.org\/V2\/lunion-africaine-et-la-prevention-des-conflits-armes\/","title":{"rendered":"L&rsquo;Union Africaine et la pr\u00e9vention des conflits arm\u00e9s : Lectures et analyses \u00e0 la lumi\u00e8re du Syst\u00e8me Continental d\u2019Alerte Rapide (SCAR)"},"content":{"rendered":"<div class=\"wpb-content-wrapper\">[vc_row padding=\u00a0\u00bb0&Prime;][vc_column width=\u00a0\u00bb1\/2&Prime;][vc_column_text]<em>Par Jean-Marc Segoun et Detto Marius Zigbe<\/em><\/p>\n<p><strong>R\u00c9SUM\u00c9:<\/strong><br \/>\nLa r\u00e9gionalisation des conflits arm\u00e9s sur le continent s\u2019est impos\u00e9e comme une r\u00e9alit\u00e9 sociale et \u00e9conomique<br \/>\nmobilisant de nombreux acteurs internes et exterieurs. Cette r\u00e9alit\u00e9 socio-politique a favoris\u00e9 une floraison d\u2019ing\u00e9nierie instititionnelle et des mecanismes de prevention des conflits arm\u00e9s comme le Syst\u00e8me Continental d\u2019Alerte Rapide (SCAR) de l\u2019Union Africaine. Cette r\u00e9flexion d\u00e9montre en quoi l\u2019Afrique est un espace fragile en proie \u00e0 des violences \u00e9conomiques, militaires. Puis, elle analyse les r\u00e9ponses institutionnelles apport\u00e9es et leurs limites face au d\u00e9veloppement d\u2019une \u00e9conomie de la guerre internationale in\u00e9galable.<br \/>\n[\/vc_column_text][vc_separator style=\u00a0\u00bbdashed\u00a0\u00bb][vc_column_text]<strong>CONTEXTE: <\/strong><br \/>\nLes effets de contagion des conflits arm\u00e9s sur le continent imposent des r\u00e9flexions et de nouvelles analyses des m\u00e9canismes de pr\u00e9vention des conflits arm\u00e9s comme le Syst\u00e8me Continental d\u2019Alerte Rapide. Cette r\u00e9flexion analyse la pertinence de cet instrument au regard de sa l\u00e9gitimit\u00e9 juridique, institutionnelle et des enjeux s\u00e9curitaires.<\/p>\n<p><strong>PROBL\u00c9MATIQUE: <\/strong><br \/>\nL\u2019efficience du Syst\u00e8me Continental d\u2019Alerte Rapide (SCAR) en Afrique ne serait-elle pas conditionn\u00e9e par une r\u00e9elle approche plus inclusive regroupant \u00c9tats, arm\u00e9es et soci\u00e9t\u00e9s civiles, acteurs sociaux ?<\/p>\n<p><strong>IDEES MAJEURES : <\/strong><br \/>\n\u2013 L\u2019efficience du Syst\u00e8me Continental d\u2019Alerte Rapide n\u00e9cessite une collaboration avec les syst\u00e8mes r\u00e9gionaux de pr\u00e9vention des conflits arm\u00e9s comme l\u2019ECOWARN.<br \/>\n\u2013 Le d\u00e9ficit de communication institutionnelle sur l\u2019existence du m\u00e9canisme au grand public le rend<br \/>\nmoins performant.<br \/>\n\u2013 L\u2019absence de r\u00e9ponse pr\u00e9cise ou de diplomatie pr\u00e9ventive lors des alertes, discr\u00e9dite le m\u00e9canisme.<br \/>\n[\/vc_column_text][\/vc_column][vc_column width=\u00a0\u00bb1\/2&Prime;][vc_column_text]<span class=\"su-highlight\" style=\"background:#ffffff;color:#970000\">&nbsp;<a href=\"http:\/\/www.thinkingafrica.org\/V2\/wp-content\/uploads\/2018\/09\/ndr-n-35-segoun-scar-ok.pdf\"><strong>TELECHARGEZ LA NOTE DE RECHERCHE EN PDF<\/strong><\/a>&nbsp;<\/span>\n<div class=\"su-document su-u-responsive-media-yes\"><iframe loading=\"lazy\" src=\"\/\/docs.google.com\/viewer?embedded=true&url=http:\/\/www.thinkingafrica.org\/V2\/wp-content\/uploads\/2018\/09\/ndr-n-35-segoun-scar-ok.pdf\" width=\"300\" height=\"500\" class=\"su-document\" title=\"\"><\/iframe><\/div>[\/vc_column_text][\/vc_column][\/vc_row]\n<\/div>","protected":false},"excerpt":{"rendered":"<p>[vc_row padding=\u00a0\u00bb0&Prime;][vc_column width=\u00a0\u00bb1\/2&Prime;][vc_column_text]Par Jean-Marc Segoun et Detto Marius Zigbe R\u00c9SUM\u00c9: La r\u00e9gionalisation des conflits arm\u00e9s sur le continent s\u2019est impos\u00e9e comme une r\u00e9alit\u00e9 sociale et \u00e9conomique mobilisant de nombreux acteurs internes et exterieurs. Cette r\u00e9alit\u00e9 socio-politique a favoris\u00e9 une floraison d\u2019ing\u00e9nierie instititionnelle et des mecanismes de prevention des conflits arm\u00e9s comme le Syst\u00e8me Continental d\u2019Alerte [&hellip;]<\/p>\n","protected":false},"author":1,"featured_media":6641,"comment_status":"open","ping_status":"open","sticky":false,"template":"","format":"standard","meta":{"_acf_changed":false,"rs_blank_template":"","rs_page_bg_color":"","slide_template_v7":"","footnotes":""},"categories":[498,23,38,35,58],"tags":[],"class_list":["post-6639","post","type-post","status-publish","format-standard","has-post-thumbnail","hentry","category-jean-marc-segoun","category-note-recherche","category-leadership","category-securite","category-union-africaine"],"acf":[],"yoast_head":"<!-- This site is optimized with the Yoast SEO plugin v27.4 - https:\/\/yoast.com\/product\/yoast-seo-wordpress\/ -->\n<title>L&#039;Union Africaine et la pr\u00e9vention des conflits arm\u00e9s : Lectures et analyses \u00e0 la lumi\u00e8re du Syst\u00e8me Continental d\u2019Alerte Rapide (SCAR) - Thinking Africa<\/title>\n<meta name=\"robots\" content=\"index, follow, max-snippet:-1, max-image-preview:large, max-video-preview:-1\" \/>\n<link rel=\"canonical\" href=\"https:\/\/www.thinkingafrica.org\/V2\/lunion-africaine-et-la-prevention-des-conflits-armes\/\" \/>\n<meta property=\"og:locale\" content=\"fr_FR\" \/>\n<meta property=\"og:type\" content=\"article\" \/>\n<meta property=\"og:title\" content=\"L&#039;Union Africaine et la pr\u00e9vention des conflits arm\u00e9s : Lectures et analyses \u00e0 la lumi\u00e8re du Syst\u00e8me Continental d\u2019Alerte Rapide (SCAR) - Thinking Africa\" \/>\n<meta property=\"og:description\" content=\"[vc_row padding=\u00a0\u00bb0&Prime;][vc_column width=\u00a0\u00bb1\/2&Prime;][vc_column_text]Par Jean-Marc Segoun et Detto Marius Zigbe R\u00c9SUM\u00c9: La r\u00e9gionalisation des conflits arm\u00e9s sur le continent s\u2019est impos\u00e9e comme une r\u00e9alit\u00e9 sociale et \u00e9conomique mobilisant de nombreux acteurs internes et exterieurs. Cette r\u00e9alit\u00e9 socio-politique a favoris\u00e9 une floraison d\u2019ing\u00e9nierie instititionnelle et des mecanismes de prevention des conflits arm\u00e9s comme le Syst\u00e8me Continental d\u2019Alerte [&hellip;]\" \/>\n<meta property=\"og:url\" content=\"https:\/\/www.thinkingafrica.org\/V2\/lunion-africaine-et-la-prevention-des-conflits-armes\/\" \/>\n<meta property=\"og:site_name\" content=\"Thinking Africa\" \/>\n<meta property=\"article:published_time\" content=\"2018-09-14T08:37:10+00:00\" \/>\n<meta property=\"article:modified_time\" content=\"2021-05-25T13:54:25+00:00\" \/>\n<meta property=\"og:image\" content=\"https:\/\/www.thinkingafrica.org\/V2\/wp-content\/uploads\/2018\/09\/sommet-ua.png\" \/>\n\t<meta property=\"og:image:width\" content=\"1070\" \/>\n\t<meta property=\"og:image:height\" content=\"596\" \/>\n\t<meta property=\"og:image:type\" content=\"image\/png\" \/>\n<meta name=\"author\" content=\"TA\" \/>\n<meta name=\"twitter:card\" content=\"summary_large_image\" \/>\n<meta name=\"twitter:label1\" content=\"\u00c9crit par\" \/>\n\t<meta name=\"twitter:data1\" content=\"TA\" \/>\n\t<meta name=\"twitter:label2\" content=\"Dur\u00e9e de lecture estim\u00e9e\" \/>\n\t<meta name=\"twitter:data2\" content=\"2 minutes\" \/>\n<script type=\"application\/ld+json\" class=\"yoast-schema-graph\">{\"@context\":\"https:\\\/\\\/schema.org\",\"@graph\":[{\"@type\":\"Article\",\"@id\":\"https:\\\/\\\/www.thinkingafrica.org\\\/V2\\\/lunion-africaine-et-la-prevention-des-conflits-armes\\\/#article\",\"isPartOf\":{\"@id\":\"https:\\\/\\\/www.thinkingafrica.org\\\/V2\\\/lunion-africaine-et-la-prevention-des-conflits-armes\\\/\"},\"author\":{\"name\":\"TA\",\"@id\":\"https:\\\/\\\/www.thinkingafrica.org\\\/V2\\\/#\\\/schema\\\/person\\\/d43605ef0d5681c1b27a4ba1fede1cf4\"},\"headline\":\"L&rsquo;Union Africaine et la pr\u00e9vention des conflits arm\u00e9s : Lectures et analyses \u00e0 la lumi\u00e8re du Syst\u00e8me Continental d\u2019Alerte Rapide (SCAR)\",\"datePublished\":\"2018-09-14T08:37:10+00:00\",\"dateModified\":\"2021-05-25T13:54:25+00:00\",\"mainEntityOfPage\":{\"@id\":\"https:\\\/\\\/www.thinkingafrica.org\\\/V2\\\/lunion-africaine-et-la-prevention-des-conflits-armes\\\/\"},\"wordCount\":372,\"commentCount\":0,\"image\":{\"@id\":\"https:\\\/\\\/www.thinkingafrica.org\\\/V2\\\/lunion-africaine-et-la-prevention-des-conflits-armes\\\/#primaryimage\"},\"thumbnailUrl\":\"https:\\\/\\\/www.thinkingafrica.org\\\/V2\\\/wp-content\\\/uploads\\\/2018\\\/09\\\/sommet-ua.png\",\"articleSection\":[\"Jean-Marc Segoun\",\"Note de recherche\",\"Prospectives, id\u00e9es &amp; panafricanisme\",\"S\u00e9curit\u00e9, d\u00e9fense &amp; armements\",\"Union Africaine\"],\"inLanguage\":\"fr-FR\",\"potentialAction\":[{\"@type\":\"CommentAction\",\"name\":\"Comment\",\"target\":[\"https:\\\/\\\/www.thinkingafrica.org\\\/V2\\\/lunion-africaine-et-la-prevention-des-conflits-armes\\\/#respond\"]}]},{\"@type\":\"WebPage\",\"@id\":\"https:\\\/\\\/www.thinkingafrica.org\\\/V2\\\/lunion-africaine-et-la-prevention-des-conflits-armes\\\/\",\"url\":\"https:\\\/\\\/www.thinkingafrica.org\\\/V2\\\/lunion-africaine-et-la-prevention-des-conflits-armes\\\/\",\"name\":\"L'Union Africaine et la pr\u00e9vention des conflits arm\u00e9s : Lectures et analyses \u00e0 la lumi\u00e8re du Syst\u00e8me Continental d\u2019Alerte Rapide (SCAR) - Thinking Africa\",\"isPartOf\":{\"@id\":\"https:\\\/\\\/www.thinkingafrica.org\\\/V2\\\/#website\"},\"primaryImageOfPage\":{\"@id\":\"https:\\\/\\\/www.thinkingafrica.org\\\/V2\\\/lunion-africaine-et-la-prevention-des-conflits-armes\\\/#primaryimage\"},\"image\":{\"@id\":\"https:\\\/\\\/www.thinkingafrica.org\\\/V2\\\/lunion-africaine-et-la-prevention-des-conflits-armes\\\/#primaryimage\"},\"thumbnailUrl\":\"https:\\\/\\\/www.thinkingafrica.org\\\/V2\\\/wp-content\\\/uploads\\\/2018\\\/09\\\/sommet-ua.png\",\"datePublished\":\"2018-09-14T08:37:10+00:00\",\"dateModified\":\"2021-05-25T13:54:25+00:00\",\"author\":{\"@id\":\"https:\\\/\\\/www.thinkingafrica.org\\\/V2\\\/#\\\/schema\\\/person\\\/d43605ef0d5681c1b27a4ba1fede1cf4\"},\"breadcrumb\":{\"@id\":\"https:\\\/\\\/www.thinkingafrica.org\\\/V2\\\/lunion-africaine-et-la-prevention-des-conflits-armes\\\/#breadcrumb\"},\"inLanguage\":\"fr-FR\",\"potentialAction\":[{\"@type\":\"ReadAction\",\"target\":[\"https:\\\/\\\/www.thinkingafrica.org\\\/V2\\\/lunion-africaine-et-la-prevention-des-conflits-armes\\\/\"]}]},{\"@type\":\"ImageObject\",\"inLanguage\":\"fr-FR\",\"@id\":\"https:\\\/\\\/www.thinkingafrica.org\\\/V2\\\/lunion-africaine-et-la-prevention-des-conflits-armes\\\/#primaryimage\",\"url\":\"https:\\\/\\\/www.thinkingafrica.org\\\/V2\\\/wp-content\\\/uploads\\\/2018\\\/09\\\/sommet-ua.png\",\"contentUrl\":\"https:\\\/\\\/www.thinkingafrica.org\\\/V2\\\/wp-content\\\/uploads\\\/2018\\\/09\\\/sommet-ua.png\",\"width\":1070,\"height\":596},{\"@type\":\"BreadcrumbList\",\"@id\":\"https:\\\/\\\/www.thinkingafrica.org\\\/V2\\\/lunion-africaine-et-la-prevention-des-conflits-armes\\\/#breadcrumb\",\"itemListElement\":[{\"@type\":\"ListItem\",\"position\":1,\"name\":\"Accueil\",\"item\":\"https:\\\/\\\/www.thinkingafrica.org\\\/V2\\\/\"},{\"@type\":\"ListItem\",\"position\":2,\"name\":\"L&rsquo;Union Africaine et la pr\u00e9vention des conflits arm\u00e9s : Lectures et analyses \u00e0 la lumi\u00e8re du Syst\u00e8me Continental d\u2019Alerte Rapide (SCAR)\"}]},{\"@type\":\"WebSite\",\"@id\":\"https:\\\/\\\/www.thinkingafrica.org\\\/V2\\\/#website\",\"url\":\"https:\\\/\\\/www.thinkingafrica.org\\\/V2\\\/\",\"name\":\"Thinking Africa\",\"description\":\"Recherche, r\u00e9flexions et ressources pour r\u00e9inventer le leadership africain\",\"potentialAction\":[{\"@type\":\"SearchAction\",\"target\":{\"@type\":\"EntryPoint\",\"urlTemplate\":\"https:\\\/\\\/www.thinkingafrica.org\\\/V2\\\/?s={search_term_string}\"},\"query-input\":{\"@type\":\"PropertyValueSpecification\",\"valueRequired\":true,\"valueName\":\"search_term_string\"}}],\"inLanguage\":\"fr-FR\"},{\"@type\":\"Person\",\"@id\":\"https:\\\/\\\/www.thinkingafrica.org\\\/V2\\\/#\\\/schema\\\/person\\\/d43605ef0d5681c1b27a4ba1fede1cf4\",\"name\":\"TA\",\"image\":{\"@type\":\"ImageObject\",\"inLanguage\":\"fr-FR\",\"@id\":\"https:\\\/\\\/secure.gravatar.com\\\/avatar\\\/6c005dccdd1d09c481deffc8260557ebd4ca64fcb9b827c2d0426e626336abdf?s=96&d=mm&r=g\",\"url\":\"https:\\\/\\\/secure.gravatar.com\\\/avatar\\\/6c005dccdd1d09c481deffc8260557ebd4ca64fcb9b827c2d0426e626336abdf?s=96&d=mm&r=g\",\"contentUrl\":\"https:\\\/\\\/secure.gravatar.com\\\/avatar\\\/6c005dccdd1d09c481deffc8260557ebd4ca64fcb9b827c2d0426e626336abdf?s=96&d=mm&r=g\",\"caption\":\"TA\"},\"description\":\"Thinking Africa est un institut de recherche et d'enseignement sur la paix. R\u00e9seau de jeunes chercheurs, d\u2019universitaires confirm\u00e9s et d\u2019experts, Thinking Africa offre, aux institutions, aux gouvernements, aux soci\u00e9t\u00e9s civiles, et aux organisations, des analyses et recommandations pour vivre la paix sur le continent africain.\",\"url\":\"https:\\\/\\\/www.thinkingafrica.org\\\/V2\\\/author\\\/admin\\\/\"}]}<\/script>\n<!-- \/ Yoast SEO plugin. -->","yoast_head_json":{"title":"L'Union Africaine et la pr\u00e9vention des conflits arm\u00e9s : Lectures et analyses \u00e0 la lumi\u00e8re du Syst\u00e8me Continental d\u2019Alerte Rapide (SCAR) - Thinking Africa","robots":{"index":"index","follow":"follow","max-snippet":"max-snippet:-1","max-image-preview":"max-image-preview:large","max-video-preview":"max-video-preview:-1"},"canonical":"https:\/\/www.thinkingafrica.org\/V2\/lunion-africaine-et-la-prevention-des-conflits-armes\/","og_locale":"fr_FR","og_type":"article","og_title":"L'Union Africaine et la pr\u00e9vention des conflits arm\u00e9s : Lectures et analyses \u00e0 la lumi\u00e8re du Syst\u00e8me Continental d\u2019Alerte Rapide (SCAR) - Thinking Africa","og_description":"[vc_row padding=\u00a0\u00bb0&Prime;][vc_column width=\u00a0\u00bb1\/2&Prime;][vc_column_text]Par Jean-Marc Segoun et Detto Marius Zigbe R\u00c9SUM\u00c9: La r\u00e9gionalisation des conflits arm\u00e9s sur le continent s\u2019est impos\u00e9e comme une r\u00e9alit\u00e9 sociale et \u00e9conomique mobilisant de nombreux acteurs internes et exterieurs. Cette r\u00e9alit\u00e9 socio-politique a favoris\u00e9 une floraison d\u2019ing\u00e9nierie instititionnelle et des mecanismes de prevention des conflits arm\u00e9s comme le Syst\u00e8me Continental d\u2019Alerte [&hellip;]","og_url":"https:\/\/www.thinkingafrica.org\/V2\/lunion-africaine-et-la-prevention-des-conflits-armes\/","og_site_name":"Thinking Africa","article_published_time":"2018-09-14T08:37:10+00:00","article_modified_time":"2021-05-25T13:54:25+00:00","og_image":[{"width":1070,"height":596,"url":"https:\/\/www.thinkingafrica.org\/V2\/wp-content\/uploads\/2018\/09\/sommet-ua.png","type":"image\/png"}],"author":"TA","twitter_card":"summary_large_image","twitter_misc":{"\u00c9crit par":"TA","Dur\u00e9e de lecture estim\u00e9e":"2 minutes"},"schema":{"@context":"https:\/\/schema.org","@graph":[{"@type":"Article","@id":"https:\/\/www.thinkingafrica.org\/V2\/lunion-africaine-et-la-prevention-des-conflits-armes\/#article","isPartOf":{"@id":"https:\/\/www.thinkingafrica.org\/V2\/lunion-africaine-et-la-prevention-des-conflits-armes\/"},"author":{"name":"TA","@id":"https:\/\/www.thinkingafrica.org\/V2\/#\/schema\/person\/d43605ef0d5681c1b27a4ba1fede1cf4"},"headline":"L&rsquo;Union Africaine et la pr\u00e9vention des conflits arm\u00e9s : Lectures et analyses \u00e0 la lumi\u00e8re du Syst\u00e8me Continental d\u2019Alerte Rapide (SCAR)","datePublished":"2018-09-14T08:37:10+00:00","dateModified":"2021-05-25T13:54:25+00:00","mainEntityOfPage":{"@id":"https:\/\/www.thinkingafrica.org\/V2\/lunion-africaine-et-la-prevention-des-conflits-armes\/"},"wordCount":372,"commentCount":0,"image":{"@id":"https:\/\/www.thinkingafrica.org\/V2\/lunion-africaine-et-la-prevention-des-conflits-armes\/#primaryimage"},"thumbnailUrl":"https:\/\/www.thinkingafrica.org\/V2\/wp-content\/uploads\/2018\/09\/sommet-ua.png","articleSection":["Jean-Marc Segoun","Note de recherche","Prospectives, id\u00e9es &amp; panafricanisme","S\u00e9curit\u00e9, d\u00e9fense &amp; armements","Union Africaine"],"inLanguage":"fr-FR","potentialAction":[{"@type":"CommentAction","name":"Comment","target":["https:\/\/www.thinkingafrica.org\/V2\/lunion-africaine-et-la-prevention-des-conflits-armes\/#respond"]}]},{"@type":"WebPage","@id":"https:\/\/www.thinkingafrica.org\/V2\/lunion-africaine-et-la-prevention-des-conflits-armes\/","url":"https:\/\/www.thinkingafrica.org\/V2\/lunion-africaine-et-la-prevention-des-conflits-armes\/","name":"L'Union Africaine et la pr\u00e9vention des conflits arm\u00e9s : Lectures et analyses \u00e0 la lumi\u00e8re du Syst\u00e8me Continental d\u2019Alerte Rapide (SCAR) - Thinking Africa","isPartOf":{"@id":"https:\/\/www.thinkingafrica.org\/V2\/#website"},"primaryImageOfPage":{"@id":"https:\/\/www.thinkingafrica.org\/V2\/lunion-africaine-et-la-prevention-des-conflits-armes\/#primaryimage"},"image":{"@id":"https:\/\/www.thinkingafrica.org\/V2\/lunion-africaine-et-la-prevention-des-conflits-armes\/#primaryimage"},"thumbnailUrl":"https:\/\/www.thinkingafrica.org\/V2\/wp-content\/uploads\/2018\/09\/sommet-ua.png","datePublished":"2018-09-14T08:37:10+00:00","dateModified":"2021-05-25T13:54:25+00:00","author":{"@id":"https:\/\/www.thinkingafrica.org\/V2\/#\/schema\/person\/d43605ef0d5681c1b27a4ba1fede1cf4"},"breadcrumb":{"@id":"https:\/\/www.thinkingafrica.org\/V2\/lunion-africaine-et-la-prevention-des-conflits-armes\/#breadcrumb"},"inLanguage":"fr-FR","potentialAction":[{"@type":"ReadAction","target":["https:\/\/www.thinkingafrica.org\/V2\/lunion-africaine-et-la-prevention-des-conflits-armes\/"]}]},{"@type":"ImageObject","inLanguage":"fr-FR","@id":"https:\/\/www.thinkingafrica.org\/V2\/lunion-africaine-et-la-prevention-des-conflits-armes\/#primaryimage","url":"https:\/\/www.thinkingafrica.org\/V2\/wp-content\/uploads\/2018\/09\/sommet-ua.png","contentUrl":"https:\/\/www.thinkingafrica.org\/V2\/wp-content\/uploads\/2018\/09\/sommet-ua.png","width":1070,"height":596},{"@type":"BreadcrumbList","@id":"https:\/\/www.thinkingafrica.org\/V2\/lunion-africaine-et-la-prevention-des-conflits-armes\/#breadcrumb","itemListElement":[{"@type":"ListItem","position":1,"name":"Accueil","item":"https:\/\/www.thinkingafrica.org\/V2\/"},{"@type":"ListItem","position":2,"name":"L&rsquo;Union Africaine et la pr\u00e9vention des conflits arm\u00e9s : Lectures et analyses \u00e0 la lumi\u00e8re du Syst\u00e8me Continental d\u2019Alerte Rapide (SCAR)"}]},{"@type":"WebSite","@id":"https:\/\/www.thinkingafrica.org\/V2\/#website","url":"https:\/\/www.thinkingafrica.org\/V2\/","name":"Thinking Africa","description":"Recherche, r\u00e9flexions et ressources pour r\u00e9inventer le leadership africain","potentialAction":[{"@type":"SearchAction","target":{"@type":"EntryPoint","urlTemplate":"https:\/\/www.thinkingafrica.org\/V2\/?s={search_term_string}"},"query-input":{"@type":"PropertyValueSpecification","valueRequired":true,"valueName":"search_term_string"}}],"inLanguage":"fr-FR"},{"@type":"Person","@id":"https:\/\/www.thinkingafrica.org\/V2\/#\/schema\/person\/d43605ef0d5681c1b27a4ba1fede1cf4","name":"TA","image":{"@type":"ImageObject","inLanguage":"fr-FR","@id":"https:\/\/secure.gravatar.com\/avatar\/6c005dccdd1d09c481deffc8260557ebd4ca64fcb9b827c2d0426e626336abdf?s=96&d=mm&r=g","url":"https:\/\/secure.gravatar.com\/avatar\/6c005dccdd1d09c481deffc8260557ebd4ca64fcb9b827c2d0426e626336abdf?s=96&d=mm&r=g","contentUrl":"https:\/\/secure.gravatar.com\/avatar\/6c005dccdd1d09c481deffc8260557ebd4ca64fcb9b827c2d0426e626336abdf?s=96&d=mm&r=g","caption":"TA"},"description":"Thinking Africa est un institut de recherche et d'enseignement sur la paix. R\u00e9seau de jeunes chercheurs, d\u2019universitaires confirm\u00e9s et d\u2019experts, Thinking Africa offre, aux institutions, aux gouvernements, aux soci\u00e9t\u00e9s civiles, et aux organisations, des analyses et recommandations pour vivre la paix sur le continent africain.","url":"https:\/\/www.thinkingafrica.org\/V2\/author\/admin\/"}]}},"_links":{"self":[{"href":"https:\/\/www.thinkingafrica.org\/V2\/wp-json\/wp\/v2\/posts\/6639","targetHints":{"allow":["GET"]}}],"collection":[{"href":"https:\/\/www.thinkingafrica.org\/V2\/wp-json\/wp\/v2\/posts"}],"about":[{"href":"https:\/\/www.thinkingafrica.org\/V2\/wp-json\/wp\/v2\/types\/post"}],"author":[{"embeddable":true,"href":"https:\/\/www.thinkingafrica.org\/V2\/wp-json\/wp\/v2\/users\/1"}],"replies":[{"embeddable":true,"href":"https:\/\/www.thinkingafrica.org\/V2\/wp-json\/wp\/v2\/comments?post=6639"}],"version-history":[{"count":4,"href":"https:\/\/www.thinkingafrica.org\/V2\/wp-json\/wp\/v2\/posts\/6639\/revisions"}],"predecessor-version":[{"id":6662,"href":"https:\/\/www.thinkingafrica.org\/V2\/wp-json\/wp\/v2\/posts\/6639\/revisions\/6662"}],"wp:featuredmedia":[{"embeddable":true,"href":"https:\/\/www.thinkingafrica.org\/V2\/wp-json\/wp\/v2\/media\/6641"}],"wp:attachment":[{"href":"https:\/\/www.thinkingafrica.org\/V2\/wp-json\/wp\/v2\/media?parent=6639"}],"wp:term":[{"taxonomy":"category","embeddable":true,"href":"https:\/\/www.thinkingafrica.org\/V2\/wp-json\/wp\/v2\/categories?post=6639"},{"taxonomy":"post_tag","embeddable":true,"href":"https:\/\/www.thinkingafrica.org\/V2\/wp-json\/wp\/v2\/tags?post=6639"}],"curies":[{"name":"wp","href":"https:\/\/api.w.org\/{rel}","templated":true}]}}