{"id":6820,"date":"2019-02-20T16:36:55","date_gmt":"2019-02-20T15:36:55","guid":{"rendered":"http:\/\/www.thinkingafrica.org\/V2\/?p=6820"},"modified":"2021-05-25T15:53:57","modified_gmt":"2021-05-25T13:53:57","slug":"conference-think-tanks-et-diplomatie-bamako","status":"publish","type":"post","link":"https:\/\/www.thinkingafrica.org\/V2\/conference-think-tanks-et-diplomatie-bamako\/","title":{"rendered":"Conf\u00e9rence &#8211; D\u00e9bat: Think-tanks et r\u00e9invention de la diplomatie africaine &#8211; Bamako, 26 f\u00e9vrier 2019"},"content":{"rendered":"\r\n<p>A l\u2019occasion de la sortie de la note strat\u00e9gique<a href=\"https:\/\/www.thinkingafrica.org\/V2\/les-think-tanks-et-la-reinvention-de-la-diplomatie-africaine\/\" target=\"_blank\" rel=\"noreferrer noopener\" aria-label=\" \u00abLes think-tanks et la r\u00e9invention de la diplomatie africaine\u00a0\u00bb (s\u2019ouvre dans un nouvel onglet)\"> \u00abLes think-tanks et la r\u00e9invention de la diplomatie africaine\u00a0\u00bb<\/a>, L\u2019 Ecole de Maintien de la Paix Alioune Blondin BEYE de Bamako (EMP), le Centre d\u2019Analyse et de Recherche de l\u2019Espace Sah\u00e9lo-Sah\u00e9lien (CARESS) &amp; le think-tank Thinking Africa vous invitent \u00e0 la conf\u00e9rence d\u00e9bat qu\u2019ils organisent le mardi 26 f\u00e9vrier 2019 \u00e0 18h, \u00e0 l\u2019EMP \u00e0 Bamako sur le th\u00e8me:<\/p>\r\n\r\n\r\n\r\n<h3 class=\"wp-block-heading\">Pourquoi et comment les think-tanks r\u00e9inventent la diplomatie africaine\u00a0?<\/h3>\r\n\r\n\r\n\r\n<figure class=\"wp-block-image\"><a href=\"https:\/\/www.thinkingafrica.org\/V2\/wp-content\/uploads\/2019\/02\/affiche-think-tanks-et-diplomatie-africaine-2019-ta-e1550678489844.jpg\"><img loading=\"lazy\" decoding=\"async\" width=\"1024\" height=\"1024\" class=\"wp-image-6823\" src=\"https:\/\/www.thinkingafrica.org\/V2\/wp-content\/uploads\/2019\/02\/affiche-think-tanks-et-diplomatie-africaine-2019-ta-1024x1024.jpg\" alt=\"\" \/><\/a><\/figure>\r\n\r\n\r\n\r\n<p><strong>La probl\u00e9matique :<\/strong><\/p>\r\n\r\n\r\n\r\n<p>Quel pouvoir d\u2019influence ont les think tanks africains pour peser dans les relations diplomatiques sur le continent et avec le reste du monde ? L\u2019activisme scientifique des think-tanks africains permet-il vraiment d\u2019engager chercheurs et politiciens dans le d\u00e9bat des id\u00e9es et dans le d\u00e9bat politique ?<\/p>\r\n\r\n\r\n\r\n<p><strong>Lieu de la conf\u00e9rence\u00a0:<\/strong><\/p>\r\n\r\n\r\n\r\n<p>\u00c9cole de maintien de la Paix Alioune Blondin Beye<\/p>\r\n\r\n\r\n\r\n<p>Amphith\u00e9\u00e2tre<\/p>\r\n\r\n\r\n\r\n<p>ACI 2000 Route de Sebenikoro | E28 Bamako | Mali<\/p>\r\n\r\n\r\n\r\n<p><strong>Date et heures de la conf\u00e9rence\u00a0:<\/strong><\/p>\r\n\r\n\r\n\r\n<p>Mardi 26 f\u00e9vrier 2019<\/p>\r\n\r\n\r\n\r\n<p>De 18h \u00e0 20h<\/p>\r\n\r\n\r\n\r\n<p><strong>Intervenant principal\u00a0:<\/strong><\/p>\r\n\r\n\r\n\r\n<p>Dr Sa\u00efd Abass Ahamed, directeur ex\u00e9cutif de Thinking Africa<\/p>\r\n\r\n\r\n\r\n<p><strong>Entr\u00e9e Libre. Tout public.<\/strong><\/p>\r\n","protected":false},"excerpt":{"rendered":"<p>A l\u2019occasion de la sortie de la note strat\u00e9gique \u00abLes think-tanks et la r\u00e9invention de la diplomatie africaine\u00a0\u00bb, L\u2019 Ecole de Maintien de la Paix Alioune Blondin BEYE de Bamako (EMP), le Centre d\u2019Analyse et de Recherche de l\u2019Espace Sah\u00e9lo-Sah\u00e9lien (CARESS) &amp; le think-tank Thinking Africa vous invitent \u00e0 la conf\u00e9rence d\u00e9bat qu\u2019ils organisent le [&hellip;]<\/p>\n","protected":false},"author":1,"featured_media":6823,"comment_status":"open","ping_status":"open","sticky":false,"template":"","format":"standard","meta":{"_acf_changed":false,"footnotes":""},"categories":[203,42,204],"tags":[],"class_list":["post-6820","post","type-post","status-publish","format-standard","has-post-thumbnail","hentry","category-agenda","category-communiques","category-debats-ta"],"acf":[],"yoast_head":"<!-- This site is optimized with the Yoast SEO plugin v27.5 - https:\/\/yoast.com\/product\/yoast-seo-wordpress\/ -->\n<title>Conf\u00e9rence - D\u00e9bat: Think-tanks et r\u00e9invention de la diplomatie africaine - Bamako, 26 f\u00e9vrier 2019 - Thinking Africa<\/title>\n<meta name=\"robots\" content=\"index, follow, max-snippet:-1, max-image-preview:large, max-video-preview:-1\" \/>\n<link rel=\"canonical\" href=\"https:\/\/www.thinkingafrica.org\/V2\/conference-think-tanks-et-diplomatie-bamako\/\" \/>\n<meta property=\"og:locale\" content=\"fr_FR\" \/>\n<meta property=\"og:type\" content=\"article\" \/>\n<meta property=\"og:title\" content=\"Conf\u00e9rence - D\u00e9bat: Think-tanks et r\u00e9invention de la diplomatie africaine - Bamako, 26 f\u00e9vrier 2019 - Thinking Africa\" \/>\n<meta property=\"og:description\" content=\"A l\u2019occasion de la sortie de la note strat\u00e9gique \u00abLes think-tanks et la r\u00e9invention de la diplomatie africaine\u00a0\u00bb, L\u2019 Ecole de Maintien de la Paix Alioune Blondin BEYE de Bamako (EMP), le Centre d\u2019Analyse et de Recherche de l\u2019Espace Sah\u00e9lo-Sah\u00e9lien (CARESS) &amp; le think-tank Thinking Africa vous invitent \u00e0 la conf\u00e9rence d\u00e9bat qu\u2019ils organisent le [&hellip;]\" \/>\n<meta property=\"og:url\" content=\"https:\/\/www.thinkingafrica.org\/V2\/conference-think-tanks-et-diplomatie-bamako\/\" \/>\n<meta property=\"og:site_name\" content=\"Thinking Africa\" \/>\n<meta property=\"article:published_time\" content=\"2019-02-20T15:36:55+00:00\" \/>\n<meta property=\"article:modified_time\" content=\"2021-05-25T13:53:57+00:00\" \/>\n<meta property=\"og:image\" content=\"https:\/\/www.thinkingafrica.org\/V2\/wp-content\/uploads\/2019\/02\/affiche-think-tanks-et-diplomatie-africaine-2019-ta-e1550678489844.jpg\" \/>\n\t<meta property=\"og:image:width\" content=\"600\" \/>\n\t<meta property=\"og:image:height\" content=\"424\" \/>\n\t<meta property=\"og:image:type\" content=\"image\/jpeg\" \/>\n<meta name=\"author\" content=\"TA\" \/>\n<meta name=\"twitter:card\" content=\"summary_large_image\" \/>\n<meta name=\"twitter:label1\" content=\"\u00c9crit par\" \/>\n\t<meta name=\"twitter:data1\" content=\"TA\" \/>\n\t<meta name=\"twitter:label2\" content=\"Dur\u00e9e de lecture estim\u00e9e\" \/>\n\t<meta name=\"twitter:data2\" content=\"1 minute\" \/>\n<script type=\"application\/ld+json\" class=\"yoast-schema-graph\">{\"@context\":\"https:\\\/\\\/schema.org\",\"@graph\":[{\"@type\":\"Article\",\"@id\":\"https:\\\/\\\/www.thinkingafrica.org\\\/V2\\\/conference-think-tanks-et-diplomatie-bamako\\\/#article\",\"isPartOf\":{\"@id\":\"https:\\\/\\\/www.thinkingafrica.org\\\/V2\\\/conference-think-tanks-et-diplomatie-bamako\\\/\"},\"author\":{\"name\":\"TA\",\"@id\":\"https:\\\/\\\/www.thinkingafrica.org\\\/V2\\\/#\\\/schema\\\/person\\\/d43605ef0d5681c1b27a4ba1fede1cf4\"},\"headline\":\"Conf\u00e9rence &#8211; D\u00e9bat: Think-tanks et r\u00e9invention de la diplomatie africaine &#8211; Bamako, 26 f\u00e9vrier 2019\",\"datePublished\":\"2019-02-20T15:36:55+00:00\",\"dateModified\":\"2021-05-25T13:53:57+00:00\",\"mainEntityOfPage\":{\"@id\":\"https:\\\/\\\/www.thinkingafrica.org\\\/V2\\\/conference-think-tanks-et-diplomatie-bamako\\\/\"},\"wordCount\":209,\"commentCount\":0,\"image\":{\"@id\":\"https:\\\/\\\/www.thinkingafrica.org\\\/V2\\\/conference-think-tanks-et-diplomatie-bamako\\\/#primaryimage\"},\"thumbnailUrl\":\"https:\\\/\\\/www.thinkingafrica.org\\\/V2\\\/wp-content\\\/uploads\\\/2019\\\/02\\\/affiche-think-tanks-et-diplomatie-africaine-2019-ta-e1550678489844.jpg\",\"articleSection\":[\"Agenda\",\"Communiqu\u00e9s\",\"D\u00e9bats TA\"],\"inLanguage\":\"fr-FR\",\"potentialAction\":[{\"@type\":\"CommentAction\",\"name\":\"Comment\",\"target\":[\"https:\\\/\\\/www.thinkingafrica.org\\\/V2\\\/conference-think-tanks-et-diplomatie-bamako\\\/#respond\"]}]},{\"@type\":\"WebPage\",\"@id\":\"https:\\\/\\\/www.thinkingafrica.org\\\/V2\\\/conference-think-tanks-et-diplomatie-bamako\\\/\",\"url\":\"https:\\\/\\\/www.thinkingafrica.org\\\/V2\\\/conference-think-tanks-et-diplomatie-bamako\\\/\",\"name\":\"Conf\u00e9rence - D\u00e9bat: Think-tanks et r\u00e9invention de la diplomatie africaine - Bamako, 26 f\u00e9vrier 2019 - Thinking Africa\",\"isPartOf\":{\"@id\":\"https:\\\/\\\/www.thinkingafrica.org\\\/V2\\\/#website\"},\"primaryImageOfPage\":{\"@id\":\"https:\\\/\\\/www.thinkingafrica.org\\\/V2\\\/conference-think-tanks-et-diplomatie-bamako\\\/#primaryimage\"},\"image\":{\"@id\":\"https:\\\/\\\/www.thinkingafrica.org\\\/V2\\\/conference-think-tanks-et-diplomatie-bamako\\\/#primaryimage\"},\"thumbnailUrl\":\"https:\\\/\\\/www.thinkingafrica.org\\\/V2\\\/wp-content\\\/uploads\\\/2019\\\/02\\\/affiche-think-tanks-et-diplomatie-africaine-2019-ta-e1550678489844.jpg\",\"datePublished\":\"2019-02-20T15:36:55+00:00\",\"dateModified\":\"2021-05-25T13:53:57+00:00\",\"author\":{\"@id\":\"https:\\\/\\\/www.thinkingafrica.org\\\/V2\\\/#\\\/schema\\\/person\\\/d43605ef0d5681c1b27a4ba1fede1cf4\"},\"breadcrumb\":{\"@id\":\"https:\\\/\\\/www.thinkingafrica.org\\\/V2\\\/conference-think-tanks-et-diplomatie-bamako\\\/#breadcrumb\"},\"inLanguage\":\"fr-FR\",\"potentialAction\":[{\"@type\":\"ReadAction\",\"target\":[\"https:\\\/\\\/www.thinkingafrica.org\\\/V2\\\/conference-think-tanks-et-diplomatie-bamako\\\/\"]}]},{\"@type\":\"ImageObject\",\"inLanguage\":\"fr-FR\",\"@id\":\"https:\\\/\\\/www.thinkingafrica.org\\\/V2\\\/conference-think-tanks-et-diplomatie-bamako\\\/#primaryimage\",\"url\":\"https:\\\/\\\/www.thinkingafrica.org\\\/V2\\\/wp-content\\\/uploads\\\/2019\\\/02\\\/affiche-think-tanks-et-diplomatie-africaine-2019-ta-e1550678489844.jpg\",\"contentUrl\":\"https:\\\/\\\/www.thinkingafrica.org\\\/V2\\\/wp-content\\\/uploads\\\/2019\\\/02\\\/affiche-think-tanks-et-diplomatie-africaine-2019-ta-e1550678489844.jpg\",\"width\":600,\"height\":424},{\"@type\":\"BreadcrumbList\",\"@id\":\"https:\\\/\\\/www.thinkingafrica.org\\\/V2\\\/conference-think-tanks-et-diplomatie-bamako\\\/#breadcrumb\",\"itemListElement\":[{\"@type\":\"ListItem\",\"position\":1,\"name\":\"Accueil\",\"item\":\"https:\\\/\\\/www.thinkingafrica.org\\\/V2\\\/\"},{\"@type\":\"ListItem\",\"position\":2,\"name\":\"Conf\u00e9rence &#8211; D\u00e9bat: Think-tanks et r\u00e9invention de la diplomatie africaine &#8211; Bamako, 26 f\u00e9vrier 2019\"}]},{\"@type\":\"WebSite\",\"@id\":\"https:\\\/\\\/www.thinkingafrica.org\\\/V2\\\/#website\",\"url\":\"https:\\\/\\\/www.thinkingafrica.org\\\/V2\\\/\",\"name\":\"Thinking Africa\",\"description\":\"Recherche, r\u00e9flexions et ressources pour r\u00e9inventer le leadership africain\",\"potentialAction\":[{\"@type\":\"SearchAction\",\"target\":{\"@type\":\"EntryPoint\",\"urlTemplate\":\"https:\\\/\\\/www.thinkingafrica.org\\\/V2\\\/?s={search_term_string}\"},\"query-input\":{\"@type\":\"PropertyValueSpecification\",\"valueRequired\":true,\"valueName\":\"search_term_string\"}}],\"inLanguage\":\"fr-FR\"},{\"@type\":\"Person\",\"@id\":\"https:\\\/\\\/www.thinkingafrica.org\\\/V2\\\/#\\\/schema\\\/person\\\/d43605ef0d5681c1b27a4ba1fede1cf4\",\"name\":\"TA\",\"image\":{\"@type\":\"ImageObject\",\"inLanguage\":\"fr-FR\",\"@id\":\"https:\\\/\\\/secure.gravatar.com\\\/avatar\\\/6c005dccdd1d09c481deffc8260557ebd4ca64fcb9b827c2d0426e626336abdf?s=96&d=mm&r=g\",\"url\":\"https:\\\/\\\/secure.gravatar.com\\\/avatar\\\/6c005dccdd1d09c481deffc8260557ebd4ca64fcb9b827c2d0426e626336abdf?s=96&d=mm&r=g\",\"contentUrl\":\"https:\\\/\\\/secure.gravatar.com\\\/avatar\\\/6c005dccdd1d09c481deffc8260557ebd4ca64fcb9b827c2d0426e626336abdf?s=96&d=mm&r=g\",\"caption\":\"TA\"},\"description\":\"Thinking Africa est un institut de recherche et d'enseignement sur la paix. R\u00e9seau de jeunes chercheurs, d\u2019universitaires confirm\u00e9s et d\u2019experts, Thinking Africa offre, aux institutions, aux gouvernements, aux soci\u00e9t\u00e9s civiles, et aux organisations, des analyses et recommandations pour vivre la paix sur le continent africain.\",\"url\":\"https:\\\/\\\/www.thinkingafrica.org\\\/V2\\\/author\\\/admin\\\/\"}]}<\/script>\n<!-- \/ Yoast SEO plugin. -->","yoast_head_json":{"title":"Conf\u00e9rence - D\u00e9bat: Think-tanks et r\u00e9invention de la diplomatie africaine - Bamako, 26 f\u00e9vrier 2019 - Thinking Africa","robots":{"index":"index","follow":"follow","max-snippet":"max-snippet:-1","max-image-preview":"max-image-preview:large","max-video-preview":"max-video-preview:-1"},"canonical":"https:\/\/www.thinkingafrica.org\/V2\/conference-think-tanks-et-diplomatie-bamako\/","og_locale":"fr_FR","og_type":"article","og_title":"Conf\u00e9rence - D\u00e9bat: Think-tanks et r\u00e9invention de la diplomatie africaine - Bamako, 26 f\u00e9vrier 2019 - Thinking Africa","og_description":"A l\u2019occasion de la sortie de la note strat\u00e9gique \u00abLes think-tanks et la r\u00e9invention de la diplomatie africaine\u00a0\u00bb, L\u2019 Ecole de Maintien de la Paix Alioune Blondin BEYE de Bamako (EMP), le Centre d\u2019Analyse et de Recherche de l\u2019Espace Sah\u00e9lo-Sah\u00e9lien (CARESS) &amp; le think-tank Thinking Africa vous invitent \u00e0 la conf\u00e9rence d\u00e9bat qu\u2019ils organisent le [&hellip;]","og_url":"https:\/\/www.thinkingafrica.org\/V2\/conference-think-tanks-et-diplomatie-bamako\/","og_site_name":"Thinking Africa","article_published_time":"2019-02-20T15:36:55+00:00","article_modified_time":"2021-05-25T13:53:57+00:00","og_image":[{"width":600,"height":424,"url":"https:\/\/www.thinkingafrica.org\/V2\/wp-content\/uploads\/2019\/02\/affiche-think-tanks-et-diplomatie-africaine-2019-ta-e1550678489844.jpg","type":"image\/jpeg"}],"author":"TA","twitter_card":"summary_large_image","twitter_misc":{"\u00c9crit par":"TA","Dur\u00e9e de lecture estim\u00e9e":"1 minute"},"schema":{"@context":"https:\/\/schema.org","@graph":[{"@type":"Article","@id":"https:\/\/www.thinkingafrica.org\/V2\/conference-think-tanks-et-diplomatie-bamako\/#article","isPartOf":{"@id":"https:\/\/www.thinkingafrica.org\/V2\/conference-think-tanks-et-diplomatie-bamako\/"},"author":{"name":"TA","@id":"https:\/\/www.thinkingafrica.org\/V2\/#\/schema\/person\/d43605ef0d5681c1b27a4ba1fede1cf4"},"headline":"Conf\u00e9rence &#8211; D\u00e9bat: Think-tanks et r\u00e9invention de la diplomatie africaine &#8211; Bamako, 26 f\u00e9vrier 2019","datePublished":"2019-02-20T15:36:55+00:00","dateModified":"2021-05-25T13:53:57+00:00","mainEntityOfPage":{"@id":"https:\/\/www.thinkingafrica.org\/V2\/conference-think-tanks-et-diplomatie-bamako\/"},"wordCount":209,"commentCount":0,"image":{"@id":"https:\/\/www.thinkingafrica.org\/V2\/conference-think-tanks-et-diplomatie-bamako\/#primaryimage"},"thumbnailUrl":"https:\/\/www.thinkingafrica.org\/V2\/wp-content\/uploads\/2019\/02\/affiche-think-tanks-et-diplomatie-africaine-2019-ta-e1550678489844.jpg","articleSection":["Agenda","Communiqu\u00e9s","D\u00e9bats TA"],"inLanguage":"fr-FR","potentialAction":[{"@type":"CommentAction","name":"Comment","target":["https:\/\/www.thinkingafrica.org\/V2\/conference-think-tanks-et-diplomatie-bamako\/#respond"]}]},{"@type":"WebPage","@id":"https:\/\/www.thinkingafrica.org\/V2\/conference-think-tanks-et-diplomatie-bamako\/","url":"https:\/\/www.thinkingafrica.org\/V2\/conference-think-tanks-et-diplomatie-bamako\/","name":"Conf\u00e9rence - D\u00e9bat: Think-tanks et r\u00e9invention de la diplomatie africaine - Bamako, 26 f\u00e9vrier 2019 - Thinking Africa","isPartOf":{"@id":"https:\/\/www.thinkingafrica.org\/V2\/#website"},"primaryImageOfPage":{"@id":"https:\/\/www.thinkingafrica.org\/V2\/conference-think-tanks-et-diplomatie-bamako\/#primaryimage"},"image":{"@id":"https:\/\/www.thinkingafrica.org\/V2\/conference-think-tanks-et-diplomatie-bamako\/#primaryimage"},"thumbnailUrl":"https:\/\/www.thinkingafrica.org\/V2\/wp-content\/uploads\/2019\/02\/affiche-think-tanks-et-diplomatie-africaine-2019-ta-e1550678489844.jpg","datePublished":"2019-02-20T15:36:55+00:00","dateModified":"2021-05-25T13:53:57+00:00","author":{"@id":"https:\/\/www.thinkingafrica.org\/V2\/#\/schema\/person\/d43605ef0d5681c1b27a4ba1fede1cf4"},"breadcrumb":{"@id":"https:\/\/www.thinkingafrica.org\/V2\/conference-think-tanks-et-diplomatie-bamako\/#breadcrumb"},"inLanguage":"fr-FR","potentialAction":[{"@type":"ReadAction","target":["https:\/\/www.thinkingafrica.org\/V2\/conference-think-tanks-et-diplomatie-bamako\/"]}]},{"@type":"ImageObject","inLanguage":"fr-FR","@id":"https:\/\/www.thinkingafrica.org\/V2\/conference-think-tanks-et-diplomatie-bamako\/#primaryimage","url":"https:\/\/www.thinkingafrica.org\/V2\/wp-content\/uploads\/2019\/02\/affiche-think-tanks-et-diplomatie-africaine-2019-ta-e1550678489844.jpg","contentUrl":"https:\/\/www.thinkingafrica.org\/V2\/wp-content\/uploads\/2019\/02\/affiche-think-tanks-et-diplomatie-africaine-2019-ta-e1550678489844.jpg","width":600,"height":424},{"@type":"BreadcrumbList","@id":"https:\/\/www.thinkingafrica.org\/V2\/conference-think-tanks-et-diplomatie-bamako\/#breadcrumb","itemListElement":[{"@type":"ListItem","position":1,"name":"Accueil","item":"https:\/\/www.thinkingafrica.org\/V2\/"},{"@type":"ListItem","position":2,"name":"Conf\u00e9rence &#8211; D\u00e9bat: Think-tanks et r\u00e9invention de la diplomatie africaine &#8211; Bamako, 26 f\u00e9vrier 2019"}]},{"@type":"WebSite","@id":"https:\/\/www.thinkingafrica.org\/V2\/#website","url":"https:\/\/www.thinkingafrica.org\/V2\/","name":"Thinking Africa","description":"Recherche, r\u00e9flexions et ressources pour r\u00e9inventer le leadership africain","potentialAction":[{"@type":"SearchAction","target":{"@type":"EntryPoint","urlTemplate":"https:\/\/www.thinkingafrica.org\/V2\/?s={search_term_string}"},"query-input":{"@type":"PropertyValueSpecification","valueRequired":true,"valueName":"search_term_string"}}],"inLanguage":"fr-FR"},{"@type":"Person","@id":"https:\/\/www.thinkingafrica.org\/V2\/#\/schema\/person\/d43605ef0d5681c1b27a4ba1fede1cf4","name":"TA","image":{"@type":"ImageObject","inLanguage":"fr-FR","@id":"https:\/\/secure.gravatar.com\/avatar\/6c005dccdd1d09c481deffc8260557ebd4ca64fcb9b827c2d0426e626336abdf?s=96&d=mm&r=g","url":"https:\/\/secure.gravatar.com\/avatar\/6c005dccdd1d09c481deffc8260557ebd4ca64fcb9b827c2d0426e626336abdf?s=96&d=mm&r=g","contentUrl":"https:\/\/secure.gravatar.com\/avatar\/6c005dccdd1d09c481deffc8260557ebd4ca64fcb9b827c2d0426e626336abdf?s=96&d=mm&r=g","caption":"TA"},"description":"Thinking Africa est un institut de recherche et d'enseignement sur la paix. R\u00e9seau de jeunes chercheurs, d\u2019universitaires confirm\u00e9s et d\u2019experts, Thinking Africa offre, aux institutions, aux gouvernements, aux soci\u00e9t\u00e9s civiles, et aux organisations, des analyses et recommandations pour vivre la paix sur le continent africain.","url":"https:\/\/www.thinkingafrica.org\/V2\/author\/admin\/"}]}},"_links":{"self":[{"href":"https:\/\/www.thinkingafrica.org\/V2\/wp-json\/wp\/v2\/posts\/6820","targetHints":{"allow":["GET"]}}],"collection":[{"href":"https:\/\/www.thinkingafrica.org\/V2\/wp-json\/wp\/v2\/posts"}],"about":[{"href":"https:\/\/www.thinkingafrica.org\/V2\/wp-json\/wp\/v2\/types\/post"}],"author":[{"embeddable":true,"href":"https:\/\/www.thinkingafrica.org\/V2\/wp-json\/wp\/v2\/users\/1"}],"replies":[{"embeddable":true,"href":"https:\/\/www.thinkingafrica.org\/V2\/wp-json\/wp\/v2\/comments?post=6820"}],"version-history":[{"count":8,"href":"https:\/\/www.thinkingafrica.org\/V2\/wp-json\/wp\/v2\/posts\/6820\/revisions"}],"predecessor-version":[{"id":7907,"href":"https:\/\/www.thinkingafrica.org\/V2\/wp-json\/wp\/v2\/posts\/6820\/revisions\/7907"}],"wp:featuredmedia":[{"embeddable":true,"href":"https:\/\/www.thinkingafrica.org\/V2\/wp-json\/wp\/v2\/media\/6823"}],"wp:attachment":[{"href":"https:\/\/www.thinkingafrica.org\/V2\/wp-json\/wp\/v2\/media?parent=6820"}],"wp:term":[{"taxonomy":"category","embeddable":true,"href":"https:\/\/www.thinkingafrica.org\/V2\/wp-json\/wp\/v2\/categories?post=6820"},{"taxonomy":"post_tag","embeddable":true,"href":"https:\/\/www.thinkingafrica.org\/V2\/wp-json\/wp\/v2\/tags?post=6820"}],"curies":[{"name":"wp","href":"https:\/\/api.w.org\/{rel}","templated":true}]}}