{"id":8465,"date":"2021-03-07T13:22:57","date_gmt":"2021-03-07T12:22:57","guid":{"rendered":"http:\/\/www.thinkingafrica.org\/V2\/?p=8465"},"modified":"2021-05-25T15:50:06","modified_gmt":"2021-05-25T13:50:06","slug":"la-crise-au-senegal-3-constats","status":"publish","type":"post","link":"https:\/\/www.thinkingafrica.org\/V2\/la-crise-au-senegal-3-constats\/","title":{"rendered":"La crise au S\u00e9n\u00e9gal: 3 constats"},"content":{"rendered":"<p><em>Par Delphine Abadie<\/em><\/p>\n<p><strong>Tout a commenc\u00e9 par une accusation de viol et menaces de mort faite par une employ\u00e9e d\u2019un salon de beaut\u00e9, \u00e0 l\u2019encontre d\u2019Ousmane Sonko, d\u00e9put\u00e9 et pr\u00e9sident du Parti des Patriotes du S\u00e9n\u00e9gal pour le Travail, l\u2019\u00c9thique et la Fraternit\u00e9 (PASTEF), le 2 f\u00e9vrier 2021. Figure importante et fougueuse de l\u2019opposition, candidat de la derni\u00e8re pr\u00e9sidentielle, Sonko semble tr\u00e8s populaire. Il se pr\u00e9sente comme un candidat anti-syst\u00e8me et son discours de rupture rejoint particuli\u00e8rement les jeunes. Je ne connais pas son programme, certains me disent que c&rsquo;est un rigoriste et je n\u2019ai pas d\u2019avis sur ses intentions, mais toujours est-il qu\u2019il porte dans son discours un anti-occidentalisme (un peu primaire), la lutte \u00e0 la corruption et la critique de la d\u00e9pendance du pays aux int\u00e9r\u00eats \u00e9trangers.<\/strong><\/p>\n<p>Je ne me prononcerai pas sur<a href=\"https:\/\/www.lepoint.fr\/afrique\/senegal-la-plainte-pour-viol-contre-sonko-cree-une-tempete-politique-09-02-2021-2413210_3826.php\" target=\"_blank\" rel=\"noopener noreferrer\"> l\u2019accusation<\/a>, qui en une grave et qui m\u00e9rite d\u2019\u00eatre entendue devant un juge. Plusieurs personnes s\u00e9rieuses qui ont vu le dossier d\u2019enqu\u00eate paru dans les journaux estiment, que ce soit dit quand m\u00eame, qu\u2019elle a \u00e9t\u00e9 fabriqu\u00e9e de toute pi\u00e8ce. Il s\u2019agirait, par le biais d\u2019une affaire dite \u00ab de m\u0153urs \u00bb, de l\u2019\u00e9carter du bassin des candidats pr\u00e9sidentiables, en amont des prochaines \u00e9lections de 2024. La constitution du S\u00e9n\u00e9gal interdit \u00e0 Macky Sall, l\u2019actuel pr\u00e9sident du S\u00e9n\u00e9gal, de briguer un troisi\u00e8me mandat, mais celui-ci refuse activement de d\u00e9clarer qu\u2019il ne se pr\u00e9sentera pas. C\u2019est in\u00e9dit : le S\u00e9n\u00e9gal n\u2019a connu que des alternances pacifiques depuis son Ind\u00e9pendance. Macky Sall est le 4e pr\u00e9sident. Loin d\u2019\u00eatre parfaite, la d\u00e9mocratie s\u00e9n\u00e9galaise a n\u00e9anmoins \u00e9t\u00e9 (et pas seulement \u00ab a \u00e9t\u00e9 pr\u00e9sent\u00e9e \u00bb) depuis son Ind\u00e9pendance comme l\u2019 \u00ab exception \u00bb continentale.<\/p>\n<p>Le mois dernier, une majorit\u00e9 de d\u00e9put\u00e9s de l\u2019Assembl\u00e9e ont vot\u00e9 <a href=\"https:\/\/www.jeuneafrique.com\/1127925\/politique\/senegal-ousmane-sonko-perd-son-immunite-parlementaire\/\" target=\"_blank\" rel=\"noopener noreferrer\">en faveur de la lev\u00e9e de l\u2019immunit\u00e9 parlementaire de Sonko<\/a> afin qu\u2019il puisse subir son proc\u00e8s. Sonko annonce d\u2019abord qu\u2019il n\u2019ira pas \u00e0 sa convocation ; apr\u00e8s diff\u00e9rentes tentatives de m\u00e9diation, notamment religieuses (des forces sociales tr\u00e8s influentes au S\u00e9n\u00e9gal), il annonce qu\u2019il ira, en r\u00e9clamant \u00e0 sa base de rester mobilis\u00e9e car, dit-il, il ne fait pas confiance en le syst\u00e8me de justice (avec de bonnes raisons). Mercredi dernier, alors qu\u2019il se dirigeait vers le tribunal, escort\u00e9 par un cort\u00e8ge de supporters et refusant d\u2019emprunter un itin\u00e9raire fix\u00e9 par les autorit\u00e9s, <a href=\"https:\/\/www.france24.com\/fr\/afrique\/20210303-ousmane-sonko-principal-opposant-s%C3%A9n%C3%A9galais-arr%C3%AAt%C3%A9-apr%C3%A8s-des-incidents-%C3%A0-dakar\">il a \u00e9t\u00e9 arr\u00eat\u00e9 puis accus\u00e9, cette fois-ci, de troubles \u00e0 l\u2019ordre public<\/a>, les rassemblements \u00e9tant interdits pour cause de covid.<\/p>\n<h3>L\u2019arrestation de Sonko : Une \u00e9tincelle\u2026<\/h3>\n<p>Le hasard a voulu que je passe au rond-point Mermoz quelques heures avant qu\u2019il n\u2019y soit arr\u00eat\u00e9. La pr\u00e9sence militaire \u00e9tait d\u00e9j\u00e0 impressionnante. J\u2019habite tout pr\u00e8s de la r\u00e9sidence de Macky Sall \u00e0 c\u00f4t\u00e9 de laquelle je passais plus tard en apr\u00e8s-midi : il y avait six blind\u00e9s et une cinquantaine de militaires arm\u00e9s jusqu\u2019aux dents. Depuis son arriv\u00e9e au pouvoir, il aurait massivement investi dans les forces arm\u00e9es et polici\u00e8res. Pendant ces \u00e9v\u00e9nements, comme le font plusieurs leaders non-d\u00e9mocrates de la r\u00e9gion par lesquels Macky Sall est inspir\u00e9 (suivez mon regard, en Afrique centrale\u2026), le r\u00e9seau internet de certains op\u00e9rateurs t\u00e9l\u00e9phoniques fiables a \u00e9t\u00e9 suspendu (\u00e7a a \u00e9t\u00e9 mon cas) pour \u00e9viter que les manifestants ne s\u2019organisent. Le r\u00e9gime fait appel \u00e9galement \u00e0 des nervis, hommes de bras qu\u2019on dit \u00eatre recrut\u00e9s dans le bassin des lutteurs (sport national du S\u00e9n\u00e9gal) au ch\u00f4mage depuis le d\u00e9but de la pand\u00e9mie.<\/p>\n<p>Cette arrestation n\u2019est qu\u2019une \u00e9tincelle. Elle a soulev\u00e9 le couvercle de la bo\u00eete de Pandore o\u00f9 se tapissait d\u00e9j\u00e0 un malaise et un m\u00e9contentement social profonds, provoquant l\u2019embrasement du pays. Organis\u00e9e par diff\u00e9rentes forces de la soci\u00e9t\u00e9 civile, une manifestation-monstre s\u2019est tenue hier vendredi au centre-ville. Des mobilisations spontan\u00e9es essaiment sur tout le territoire, d\u00e9g\u00e9n\u00e9rant parfois en \u00e9meutes et en pillage \u2013 particuli\u00e8rement, des int\u00e9r\u00eats fran\u00e7ais : Auchan, Total.<\/p>\n<p>Ce sont surtout les jeunes (les moins de 35 ans composent quelque chose comme 80% de la population) que l\u2019on retrouve dans la rue. Ils sont tr\u00e8s jeunes, adolescents. On dit qu\u2019ils vont jusqu\u2019\u00e0 s\u2019en prendre aux casernes militaires, c\u2019est dire combien ils n\u2019ont rien \u00e0 perdre. On dit aussi que les gendarmes ne r\u00e9agissent pas ; c&rsquo;est dire combien l&rsquo;exasp\u00e9ration est g\u00e9n\u00e9ralis\u00e9e. Dans les quartiers populaires, les laiss\u00e9s-pour-compte de la soci\u00e9t\u00e9 (beaucoup, revenus d\u2019une exp\u00e9rience rat\u00e9e d\u2019exil en M\u00e9diterran\u00e9e), annoncent qu\u2019ils n\u2019ont rien \u00e0 perdre. Le campus social de mon universit\u00e9 (l\u00e0 o\u00f9 vivent les \u00e9tudiants), l\u2019UCAD, a \u00e9t\u00e9 le th\u00e9\u00e2tre d\u2019affrontements violents entre \u00e9tudiants et forces de l\u2019ordre. (Je suis en s\u00e9curit\u00e9). Certains quartiers de Dakar sont des chantiers de bataille, jonch\u00e9s de roches, de d\u00e9bris, d\u2019arbres d\u00e9racin\u00e9s et cadavres de grenades lacrymog\u00e8nes, t\u00e9moins inertes des \u00e9v\u00e9nements d\u2019hier. Chauffeurs de taxi, marchands du coin, coll\u00e8gues, personnels dans les services (quand ils sont ouverts et ils le sont tr\u00e8s peu), tout le monde ne parle que de \u00e7a.<\/p>\n<div class=\"su-quote su-quote-style-default\"><div class=\"su-quote-inner su-u-clearfix su-u-trim\"><strong>Cette arrestation n\u2019est qu\u2019une \u00e9tincelle. Elle a soulev\u00e9 le couvercle de la bo\u00eete de Pandore o\u00f9 se tapissait d\u00e9j\u00e0 un malaise et un m\u00e9contentement social profonds, provoquant l\u2019embrasement du pays.<\/strong> <\/div><\/div>\n<p>Sans les mettre en contexte, des images pr\u00e9sent\u00e9es comme des sc\u00e8nes de \u00ab gu\u00e9rilla urbaine \u00bb ont fray\u00e9 leur chemin jusque dans les m\u00e9dias internationaux. En conf\u00e9rence de presse, le ministre de l\u2019int\u00e9rieur Antoine F\u00e9lix Diome a accus\u00e9 les manifestants de \u00ab conspiration contre l\u2019\u00c9tat \u00bb, d\u2019actes de vandalisme et de \u00ab terrorisme \u00bb. Diome aurait \u00e9t\u00e9 \u00e9galement \u00e9t\u00e9 l\u2019artisan de <a href=\"https:\/\/www.rfi.fr\/fr\/afrique\/20190114-presidentielle-senegal-karim-wade-khalifa-sall-recales\" target=\"_blank\" rel=\"noopener noreferrer\">la mise \u00e0 l\u2019\u00e9cart des deux opposants Karim Wade et Khalifa Sall aux \u00e9lections pr\u00e9sidentielles de 2019<\/a>. Depuis mercredi, on attend toujours, en vain, que Macky Sall, qui serait actuellement en France, sorte de sa r\u00e9serve.<\/p>\n<p>On dit qu\u2019il y a d\u00e9j\u00e0 six victimes des affrontements. Coupable d\u2019avoir transmis les images des mobilisations, deux t\u00e9l\u00e9visions priv\u00e9es habituellement critiques \u00e0 l\u2019\u00e9gard du pouvoir ont \u00e9t\u00e9 suspendues ; les locaux des radios r\u00e9put\u00e9es proches du pouvoir (celles d\u00e9tenues notamment par Youssou N\u2019Dour), ont \u00e9t\u00e9 la cible de repr\u00e9sailles. Cinq activistes de Y\u2019en a marre, l\u2019admirable mouvement citoyen non-partisan, qui tire sur la sonnette d\u2019alarme depuis plusieurs ann\u00e9es quant aux menaces qui viennent aujourd\u2019hui se r\u00e9aliser, ont \u00e9t\u00e9 kidnapp\u00e9s chez eux par la police. <a href=\"https:\/\/www.osiwa.org\/fr\/newsroom\/declaration-a-propos-des-recents-evenements-au-senegal\/\" target=\"_blank\" rel=\"noopener noreferrer\">L\u2019ONG fond\u00e9e par George Soros Osiwa (Open Society West Africa)<\/a> se verrait retirer son agr\u00e9ment pour le S\u00e9n\u00e9gal pour cause, explicite, de financement de Y\u2019en a marre. L&rsquo;information a ensuite \u00e9t\u00e9 d\u00e9mentie.<\/p>\n<h3>Le p\u00e9trole est toujours une mal\u00e9diction ?<\/h3>\n<p>Avec le regard \u00ab frais \u00bb de ma courte pr\u00e9sence \u00e0 Dakar, je tire trois \u00e9l\u00e9ments d\u2019analyse de ces \u00e9v\u00e9nements :<br \/>\nPremier \u00e9l\u00e9ment, c\u2019est que le\/a S\u00e9n\u00e9galais.e lambda ch\u00e9rit tr\u00e8s, tr\u00e8s fort, ses libert\u00e9s, notamment celles de s\u2019exprimer, de contester, de s&rsquo;associer : toutes les classes sociales et cat\u00e9gories religieuses et socio-professionnelles confondues s\u2019entendent pour d\u00e9noncer \u00e0 l\u2019unisson le recul des libert\u00e9s fondamentales, l\u2019\u00e9tablissement de la r\u00e8gle de l\u2019arbitraire et exigent que justice soit rendue. Les S\u00e9n\u00e9galais.e.s sentent ce qu&rsquo;il en co\u00fbterait de perdre ces acquis, ils n&rsquo;ont qu&rsquo;\u00e0 regarder tous leurs voisins.<br \/>\n<div class=\"su-quote su-quote-style-default\"><div class=\"su-quote-inner su-u-clearfix su-u-trim\"><strong>Aux prises avec le ch\u00f4mage, la d\u00e9scolarisation, la pauvret\u00e9 galopante, priv\u00e9e de toutes perspectives, le politique ne pourra pas compter sans la jeunesse s\u00e9n\u00e9galaise. Ce qui se passe ici aujourd\u2019hui, la mani\u00e8re dont le r\u00e9gime a cru pouvoir d\u00e9capiter tranquillement la t\u00eate d\u2019un parti, sans anticiper la r\u00e9action de sa base ou de milliers d\u2019adolescents d\u00e9soeuvr\u00e9s dont la sublimation des frustrations oscille entre le suicide en mer, le petit banditisme ou l\u2019insurrection \u00e0 caract\u00e8re r\u00e9ellement politique, cette effarante c\u00e9cit\u00e9 des \u00e9lites sur les r\u00e9alit\u00e9s sociales, illustrent de mani\u00e8re consternante les plusieurs \u00e9tages au-dessus desquels elles se sont log\u00e9es, dans un \u00ab\u00a0par-del\u00e0\u00a0\u00bb de leur soci\u00e9t\u00e9.<\/strong><\/div><\/div>\nDeuxi\u00e8me constat (je le savais d\u00e9j\u00e0 mais en action c\u2019est autre chose), c\u2019est celui de la jeunesse. Wow! (dans les deux sens, \u00ab\u00a0wow\u00a0\u00bb en wolof signifie \u00ab\u00a0oui\u00a0\u00bb), quelle jeunesse! Elle constitue une majorit\u00e9 d\u00e9mographique \u00e9crasante (40% de la population a moins de 15 ans et l&rsquo;\u00e2ge m\u00e9dian est de 19 ans, rien \u00e0 voir avec l&rsquo;Occident vieillissant) et une force sociale incontournable, absolument d\u00e9terminante dans ce que l\u2019avenir r\u00e9serve \u00e0 ce pays et au continent. Aux prises avec le ch\u00f4mage, la d\u00e9scolarisation, la pauvret\u00e9 galopante, priv\u00e9e de toutes perspectives, le politique ne pourra pas compter sans eux. Ce qui se passe ici aujourd\u2019hui, la mani\u00e8re dont le r\u00e9gime a cru pouvoir d\u00e9capiter tranquillement la t\u00eate d\u2019un parti, sans anticiper la r\u00e9action de sa base ou de milliers d\u2019adolescents d\u00e9soeuvr\u00e9s dont la sublimation des frustrations oscille entre le suicide en mer, le petit banditisme ou l\u2019insurrection \u00e0 caract\u00e8re r\u00e9ellement politique, cette effarante c\u00e9cit\u00e9 des \u00e9lites sur les r\u00e9alit\u00e9s sociales, illustrent de mani\u00e8re consternante les plusieurs \u00e9tages au-dessus desquels elles se sont log\u00e9es, dans un \u00ab\u00a0par-del\u00e0\u00a0\u00bb de leur soci\u00e9t\u00e9. Et quoi qu&rsquo;on entende par ailleurs que la soci\u00e9t\u00e9 s\u00e9n\u00e9galaise est tr\u00e8s hi\u00e9rarchis\u00e9e, il y a une forme ind\u00e9niable d&rsquo;horizontalit\u00e9 dont la classe politique ne peut pas faire fi sans risquer de se voir rejet\u00e9e par le peuple. <a href=\"http:\/\/chroniqueslitterairesafricaines.com\/kasereka-kavwahirehi-yen-a-marre-philosophie-et-espoir-social\/sonia-le-moigne-euzenot\/\" target=\"_blank\" rel=\"noopener noreferrer\">La philosophie sociale a un bel avenir devant soi<\/a>.<\/p>\n<p>Troisi\u00e8me constat, c\u2019est la dimension internationale de la situation. Elle n&rsquo;est pas la seule mais elle est bien l\u00e0. Lorsque des jeunes de 15 ans passent en moins d\u2019une journ\u00e9e, de l\u2019arrestation d\u2019un opposant au pillage des int\u00e9r\u00eats \u00e9trangers, ce qu\u2019il faut y voir et en comprendre, c\u2019est ce qui se joue en creux. Ousmane Sonko a occup\u00e9 une position de v\u00e9rificateur en chef (ou quelque chose comme \u00e7a) de la direction des imp\u00f4ts avant de cr\u00e9er un syndicat, puis d\u2019entrer en politique. En 2016, <a href=\"https:\/\/www.bbc.com\/afrique\/region-37225666\" target=\"_blank\" rel=\"noopener noreferrer\">il est radi\u00e9 de son poste apr\u00e8s avoir mis en cause Macky Sall<\/a> pour anomalies fiscales et budg\u00e9taires, notamment dans une affaire de d\u2019attribution de contrats d\u2019exploitation de gaz et de p\u00e9trole \u00e0 la soci\u00e9t\u00e9 P\u00e9tro-Tim, dont la fili\u00e8re locale est g\u00e9r\u00e9e par le fr\u00e8re du pr\u00e9sident. Le \u00ab plan S\u00e9n\u00e9gal \u00e9mergent \u00bb fait la part belle \u00e0 l\u2019exploitation des ressources \u00e9nerg\u00e9tiques et de l\u2019or, dont le potentiel a \u00e9t\u00e9 d\u00e9couvert par des juniors il y a moins de 10 ans. L\u2019ann\u00e9e 2021 doit signer le d\u00e9but de la production (offshore) de p\u00e9trole, en moyenne 100 \u00e0 120 000 barils par jour ; 2022, celle du gaz (r\u00e9serve estim\u00e9e \u00e0 227 milliards de m\u00e8tres cubes sur 30 ans). On travaille aussi \u00e0 cr\u00e9er de grands complexes aurif\u00e8res dans certaines r\u00e9gions.<\/p>\n<p>Devinez ce que faisait Macky Sall avant d\u2019entrer dans l\u2019ar\u00e8ne politique ? Il \u00e9tait ing\u00e9nieur g\u00e9ologue, form\u00e9 \u00e0 \u00c9cole nationale sup\u00e9rieure du p\u00e9trole et des moteurs (ENSPM) de l&rsquo;Institut fran\u00e7ais du p\u00e9trole (IFP) de Paris et toujours membre de r\u00e9seaux internationaux de l\u2019industrie o\u00f9 l\u2019on sait, plus qu\u2019il n\u2019est n\u00e9cessaire, comment se nouent des alliances productives. \u00c7a ne s\u2019invente pas\u2026On me dit aussi que <a href=\"https:\/\/www.seneweb.com\/news\/Politique\/suppose-deal-entre-sonko-et-tullow-oil-l_n_320667.html\" target=\"_blank\" rel=\"noopener noreferrer\">des all\u00e9gations ont circul\u00e9 en 2019 au sujet d&rsquo;un financement de Sonko par Tullow Oil<\/a>. Le p\u00e9trole est toujours une mal\u00e9diction.<\/p>\n<p>&nbsp;<\/p>\n<p><em>Delphine Abadie<\/em><\/p>\n","protected":false},"excerpt":{"rendered":"<p>Par Delphine Abadie Tout a commenc\u00e9 par une accusation de viol et menaces de mort faite par une employ\u00e9e d\u2019un salon de beaut\u00e9, \u00e0 l\u2019encontre d\u2019Ousmane Sonko, d\u00e9put\u00e9 et pr\u00e9sident du Parti des Patriotes du S\u00e9n\u00e9gal pour le Travail, l\u2019\u00c9thique et la Fraternit\u00e9 (PASTEF), le 2 f\u00e9vrier 2021. Figure importante et fougueuse de l\u2019opposition, candidat [&hellip;]<\/p>\n","protected":false},"author":1,"featured_media":8466,"comment_status":"open","ping_status":"open","sticky":false,"template":"","format":"standard","meta":{"_acf_changed":false,"rs_blank_template":"","rs_page_bg_color":"","slide_template_v7":"","footnotes":""},"categories":[218,276,391,36],"tags":[],"class_list":["post-8465","post","type-post","status-publish","format-standard","has-post-thumbnail","hentry","category-abadie","category-eclairage","category-jeunesse-citoyennete","category-paix-reconciliation"],"acf":[],"yoast_head":"<!-- This site is optimized with the Yoast SEO plugin v27.5 - https:\/\/yoast.com\/product\/yoast-seo-wordpress\/ -->\n<title>La crise au S\u00e9n\u00e9gal: 3 constats - Thinking Africa<\/title>\n<meta name=\"robots\" content=\"index, follow, max-snippet:-1, max-image-preview:large, max-video-preview:-1\" \/>\n<link rel=\"canonical\" href=\"https:\/\/www.thinkingafrica.org\/V2\/la-crise-au-senegal-3-constats\/\" \/>\n<meta property=\"og:locale\" content=\"fr_FR\" \/>\n<meta property=\"og:type\" content=\"article\" \/>\n<meta property=\"og:title\" content=\"La crise au S\u00e9n\u00e9gal: 3 constats - Thinking Africa\" \/>\n<meta property=\"og:description\" content=\"Par Delphine Abadie Tout a commenc\u00e9 par une accusation de viol et menaces de mort faite par une employ\u00e9e d\u2019un salon de beaut\u00e9, \u00e0 l\u2019encontre d\u2019Ousmane Sonko, d\u00e9put\u00e9 et pr\u00e9sident du Parti des Patriotes du S\u00e9n\u00e9gal pour le Travail, l\u2019\u00c9thique et la Fraternit\u00e9 (PASTEF), le 2 f\u00e9vrier 2021. Figure importante et fougueuse de l\u2019opposition, candidat [&hellip;]\" \/>\n<meta property=\"og:url\" content=\"https:\/\/www.thinkingafrica.org\/V2\/la-crise-au-senegal-3-constats\/\" \/>\n<meta property=\"og:site_name\" content=\"Thinking Africa\" \/>\n<meta property=\"article:published_time\" content=\"2021-03-07T12:22:57+00:00\" \/>\n<meta property=\"article:modified_time\" content=\"2021-05-25T13:50:06+00:00\" \/>\n<meta property=\"og:image\" content=\"https:\/\/www.thinkingafrica.org\/V2\/wp-content\/uploads\/2021\/03\/Senegal-Crise.jpg\" \/>\n\t<meta property=\"og:image:width\" content=\"1280\" \/>\n\t<meta property=\"og:image:height\" content=\"720\" \/>\n\t<meta property=\"og:image:type\" content=\"image\/jpeg\" \/>\n<meta name=\"author\" content=\"TA\" \/>\n<meta name=\"twitter:card\" content=\"summary_large_image\" \/>\n<meta name=\"twitter:label1\" content=\"\u00c9crit par\" \/>\n\t<meta name=\"twitter:data1\" content=\"TA\" \/>\n\t<meta name=\"twitter:label2\" content=\"Dur\u00e9e de lecture estim\u00e9e\" \/>\n\t<meta name=\"twitter:data2\" content=\"10 minutes\" \/>\n<script type=\"application\/ld+json\" class=\"yoast-schema-graph\">{\"@context\":\"https:\\\/\\\/schema.org\",\"@graph\":[{\"@type\":\"Article\",\"@id\":\"https:\\\/\\\/www.thinkingafrica.org\\\/V2\\\/la-crise-au-senegal-3-constats\\\/#article\",\"isPartOf\":{\"@id\":\"https:\\\/\\\/www.thinkingafrica.org\\\/V2\\\/la-crise-au-senegal-3-constats\\\/\"},\"author\":{\"name\":\"TA\",\"@id\":\"https:\\\/\\\/www.thinkingafrica.org\\\/V2\\\/#\\\/schema\\\/person\\\/d43605ef0d5681c1b27a4ba1fede1cf4\"},\"headline\":\"La crise au S\u00e9n\u00e9gal: 3 constats\",\"datePublished\":\"2021-03-07T12:22:57+00:00\",\"dateModified\":\"2021-05-25T13:50:06+00:00\",\"mainEntityOfPage\":{\"@id\":\"https:\\\/\\\/www.thinkingafrica.org\\\/V2\\\/la-crise-au-senegal-3-constats\\\/\"},\"wordCount\":2092,\"commentCount\":0,\"image\":{\"@id\":\"https:\\\/\\\/www.thinkingafrica.org\\\/V2\\\/la-crise-au-senegal-3-constats\\\/#primaryimage\"},\"thumbnailUrl\":\"https:\\\/\\\/www.thinkingafrica.org\\\/V2\\\/wp-content\\\/uploads\\\/2021\\\/03\\\/Senegal-Crise.jpg\",\"articleSection\":[\"Delphine Abadie\",\"Eclairage\",\"Jeunesse, mouvements citoyens &amp; renouveau d\u00e9mocratique\",\"Soci\u00e9t\u00e9s, cultures &amp; identit\u00e9s\"],\"inLanguage\":\"fr-FR\",\"potentialAction\":[{\"@type\":\"CommentAction\",\"name\":\"Comment\",\"target\":[\"https:\\\/\\\/www.thinkingafrica.org\\\/V2\\\/la-crise-au-senegal-3-constats\\\/#respond\"]}]},{\"@type\":\"WebPage\",\"@id\":\"https:\\\/\\\/www.thinkingafrica.org\\\/V2\\\/la-crise-au-senegal-3-constats\\\/\",\"url\":\"https:\\\/\\\/www.thinkingafrica.org\\\/V2\\\/la-crise-au-senegal-3-constats\\\/\",\"name\":\"La crise au S\u00e9n\u00e9gal: 3 constats - Thinking Africa\",\"isPartOf\":{\"@id\":\"https:\\\/\\\/www.thinkingafrica.org\\\/V2\\\/#website\"},\"primaryImageOfPage\":{\"@id\":\"https:\\\/\\\/www.thinkingafrica.org\\\/V2\\\/la-crise-au-senegal-3-constats\\\/#primaryimage\"},\"image\":{\"@id\":\"https:\\\/\\\/www.thinkingafrica.org\\\/V2\\\/la-crise-au-senegal-3-constats\\\/#primaryimage\"},\"thumbnailUrl\":\"https:\\\/\\\/www.thinkingafrica.org\\\/V2\\\/wp-content\\\/uploads\\\/2021\\\/03\\\/Senegal-Crise.jpg\",\"datePublished\":\"2021-03-07T12:22:57+00:00\",\"dateModified\":\"2021-05-25T13:50:06+00:00\",\"author\":{\"@id\":\"https:\\\/\\\/www.thinkingafrica.org\\\/V2\\\/#\\\/schema\\\/person\\\/d43605ef0d5681c1b27a4ba1fede1cf4\"},\"breadcrumb\":{\"@id\":\"https:\\\/\\\/www.thinkingafrica.org\\\/V2\\\/la-crise-au-senegal-3-constats\\\/#breadcrumb\"},\"inLanguage\":\"fr-FR\",\"potentialAction\":[{\"@type\":\"ReadAction\",\"target\":[\"https:\\\/\\\/www.thinkingafrica.org\\\/V2\\\/la-crise-au-senegal-3-constats\\\/\"]}]},{\"@type\":\"ImageObject\",\"inLanguage\":\"fr-FR\",\"@id\":\"https:\\\/\\\/www.thinkingafrica.org\\\/V2\\\/la-crise-au-senegal-3-constats\\\/#primaryimage\",\"url\":\"https:\\\/\\\/www.thinkingafrica.org\\\/V2\\\/wp-content\\\/uploads\\\/2021\\\/03\\\/Senegal-Crise.jpg\",\"contentUrl\":\"https:\\\/\\\/www.thinkingafrica.org\\\/V2\\\/wp-content\\\/uploads\\\/2021\\\/03\\\/Senegal-Crise.jpg\",\"width\":1280,\"height\":720},{\"@type\":\"BreadcrumbList\",\"@id\":\"https:\\\/\\\/www.thinkingafrica.org\\\/V2\\\/la-crise-au-senegal-3-constats\\\/#breadcrumb\",\"itemListElement\":[{\"@type\":\"ListItem\",\"position\":1,\"name\":\"Accueil\",\"item\":\"https:\\\/\\\/www.thinkingafrica.org\\\/V2\\\/\"},{\"@type\":\"ListItem\",\"position\":2,\"name\":\"La crise au S\u00e9n\u00e9gal: 3 constats\"}]},{\"@type\":\"WebSite\",\"@id\":\"https:\\\/\\\/www.thinkingafrica.org\\\/V2\\\/#website\",\"url\":\"https:\\\/\\\/www.thinkingafrica.org\\\/V2\\\/\",\"name\":\"Thinking Africa\",\"description\":\"Recherche, r\u00e9flexions et ressources pour r\u00e9inventer le leadership africain\",\"potentialAction\":[{\"@type\":\"SearchAction\",\"target\":{\"@type\":\"EntryPoint\",\"urlTemplate\":\"https:\\\/\\\/www.thinkingafrica.org\\\/V2\\\/?s={search_term_string}\"},\"query-input\":{\"@type\":\"PropertyValueSpecification\",\"valueRequired\":true,\"valueName\":\"search_term_string\"}}],\"inLanguage\":\"fr-FR\"},{\"@type\":\"Person\",\"@id\":\"https:\\\/\\\/www.thinkingafrica.org\\\/V2\\\/#\\\/schema\\\/person\\\/d43605ef0d5681c1b27a4ba1fede1cf4\",\"name\":\"TA\",\"image\":{\"@type\":\"ImageObject\",\"inLanguage\":\"fr-FR\",\"@id\":\"https:\\\/\\\/secure.gravatar.com\\\/avatar\\\/6c005dccdd1d09c481deffc8260557ebd4ca64fcb9b827c2d0426e626336abdf?s=96&d=mm&r=g\",\"url\":\"https:\\\/\\\/secure.gravatar.com\\\/avatar\\\/6c005dccdd1d09c481deffc8260557ebd4ca64fcb9b827c2d0426e626336abdf?s=96&d=mm&r=g\",\"contentUrl\":\"https:\\\/\\\/secure.gravatar.com\\\/avatar\\\/6c005dccdd1d09c481deffc8260557ebd4ca64fcb9b827c2d0426e626336abdf?s=96&d=mm&r=g\",\"caption\":\"TA\"},\"description\":\"Thinking Africa est un institut de recherche et d'enseignement sur la paix. R\u00e9seau de jeunes chercheurs, d\u2019universitaires confirm\u00e9s et d\u2019experts, Thinking Africa offre, aux institutions, aux gouvernements, aux soci\u00e9t\u00e9s civiles, et aux organisations, des analyses et recommandations pour vivre la paix sur le continent africain.\",\"url\":\"https:\\\/\\\/www.thinkingafrica.org\\\/V2\\\/author\\\/admin\\\/\"}]}<\/script>\n<!-- \/ Yoast SEO plugin. -->","yoast_head_json":{"title":"La crise au S\u00e9n\u00e9gal: 3 constats - Thinking Africa","robots":{"index":"index","follow":"follow","max-snippet":"max-snippet:-1","max-image-preview":"max-image-preview:large","max-video-preview":"max-video-preview:-1"},"canonical":"https:\/\/www.thinkingafrica.org\/V2\/la-crise-au-senegal-3-constats\/","og_locale":"fr_FR","og_type":"article","og_title":"La crise au S\u00e9n\u00e9gal: 3 constats - Thinking Africa","og_description":"Par Delphine Abadie Tout a commenc\u00e9 par une accusation de viol et menaces de mort faite par une employ\u00e9e d\u2019un salon de beaut\u00e9, \u00e0 l\u2019encontre d\u2019Ousmane Sonko, d\u00e9put\u00e9 et pr\u00e9sident du Parti des Patriotes du S\u00e9n\u00e9gal pour le Travail, l\u2019\u00c9thique et la Fraternit\u00e9 (PASTEF), le 2 f\u00e9vrier 2021. Figure importante et fougueuse de l\u2019opposition, candidat [&hellip;]","og_url":"https:\/\/www.thinkingafrica.org\/V2\/la-crise-au-senegal-3-constats\/","og_site_name":"Thinking Africa","article_published_time":"2021-03-07T12:22:57+00:00","article_modified_time":"2021-05-25T13:50:06+00:00","og_image":[{"width":1280,"height":720,"url":"https:\/\/www.thinkingafrica.org\/V2\/wp-content\/uploads\/2021\/03\/Senegal-Crise.jpg","type":"image\/jpeg"}],"author":"TA","twitter_card":"summary_large_image","twitter_misc":{"\u00c9crit par":"TA","Dur\u00e9e de lecture estim\u00e9e":"10 minutes"},"schema":{"@context":"https:\/\/schema.org","@graph":[{"@type":"Article","@id":"https:\/\/www.thinkingafrica.org\/V2\/la-crise-au-senegal-3-constats\/#article","isPartOf":{"@id":"https:\/\/www.thinkingafrica.org\/V2\/la-crise-au-senegal-3-constats\/"},"author":{"name":"TA","@id":"https:\/\/www.thinkingafrica.org\/V2\/#\/schema\/person\/d43605ef0d5681c1b27a4ba1fede1cf4"},"headline":"La crise au S\u00e9n\u00e9gal: 3 constats","datePublished":"2021-03-07T12:22:57+00:00","dateModified":"2021-05-25T13:50:06+00:00","mainEntityOfPage":{"@id":"https:\/\/www.thinkingafrica.org\/V2\/la-crise-au-senegal-3-constats\/"},"wordCount":2092,"commentCount":0,"image":{"@id":"https:\/\/www.thinkingafrica.org\/V2\/la-crise-au-senegal-3-constats\/#primaryimage"},"thumbnailUrl":"https:\/\/www.thinkingafrica.org\/V2\/wp-content\/uploads\/2021\/03\/Senegal-Crise.jpg","articleSection":["Delphine Abadie","Eclairage","Jeunesse, mouvements citoyens &amp; renouveau d\u00e9mocratique","Soci\u00e9t\u00e9s, cultures &amp; identit\u00e9s"],"inLanguage":"fr-FR","potentialAction":[{"@type":"CommentAction","name":"Comment","target":["https:\/\/www.thinkingafrica.org\/V2\/la-crise-au-senegal-3-constats\/#respond"]}]},{"@type":"WebPage","@id":"https:\/\/www.thinkingafrica.org\/V2\/la-crise-au-senegal-3-constats\/","url":"https:\/\/www.thinkingafrica.org\/V2\/la-crise-au-senegal-3-constats\/","name":"La crise au S\u00e9n\u00e9gal: 3 constats - Thinking Africa","isPartOf":{"@id":"https:\/\/www.thinkingafrica.org\/V2\/#website"},"primaryImageOfPage":{"@id":"https:\/\/www.thinkingafrica.org\/V2\/la-crise-au-senegal-3-constats\/#primaryimage"},"image":{"@id":"https:\/\/www.thinkingafrica.org\/V2\/la-crise-au-senegal-3-constats\/#primaryimage"},"thumbnailUrl":"https:\/\/www.thinkingafrica.org\/V2\/wp-content\/uploads\/2021\/03\/Senegal-Crise.jpg","datePublished":"2021-03-07T12:22:57+00:00","dateModified":"2021-05-25T13:50:06+00:00","author":{"@id":"https:\/\/www.thinkingafrica.org\/V2\/#\/schema\/person\/d43605ef0d5681c1b27a4ba1fede1cf4"},"breadcrumb":{"@id":"https:\/\/www.thinkingafrica.org\/V2\/la-crise-au-senegal-3-constats\/#breadcrumb"},"inLanguage":"fr-FR","potentialAction":[{"@type":"ReadAction","target":["https:\/\/www.thinkingafrica.org\/V2\/la-crise-au-senegal-3-constats\/"]}]},{"@type":"ImageObject","inLanguage":"fr-FR","@id":"https:\/\/www.thinkingafrica.org\/V2\/la-crise-au-senegal-3-constats\/#primaryimage","url":"https:\/\/www.thinkingafrica.org\/V2\/wp-content\/uploads\/2021\/03\/Senegal-Crise.jpg","contentUrl":"https:\/\/www.thinkingafrica.org\/V2\/wp-content\/uploads\/2021\/03\/Senegal-Crise.jpg","width":1280,"height":720},{"@type":"BreadcrumbList","@id":"https:\/\/www.thinkingafrica.org\/V2\/la-crise-au-senegal-3-constats\/#breadcrumb","itemListElement":[{"@type":"ListItem","position":1,"name":"Accueil","item":"https:\/\/www.thinkingafrica.org\/V2\/"},{"@type":"ListItem","position":2,"name":"La crise au S\u00e9n\u00e9gal: 3 constats"}]},{"@type":"WebSite","@id":"https:\/\/www.thinkingafrica.org\/V2\/#website","url":"https:\/\/www.thinkingafrica.org\/V2\/","name":"Thinking Africa","description":"Recherche, r\u00e9flexions et ressources pour r\u00e9inventer le leadership africain","potentialAction":[{"@type":"SearchAction","target":{"@type":"EntryPoint","urlTemplate":"https:\/\/www.thinkingafrica.org\/V2\/?s={search_term_string}"},"query-input":{"@type":"PropertyValueSpecification","valueRequired":true,"valueName":"search_term_string"}}],"inLanguage":"fr-FR"},{"@type":"Person","@id":"https:\/\/www.thinkingafrica.org\/V2\/#\/schema\/person\/d43605ef0d5681c1b27a4ba1fede1cf4","name":"TA","image":{"@type":"ImageObject","inLanguage":"fr-FR","@id":"https:\/\/secure.gravatar.com\/avatar\/6c005dccdd1d09c481deffc8260557ebd4ca64fcb9b827c2d0426e626336abdf?s=96&d=mm&r=g","url":"https:\/\/secure.gravatar.com\/avatar\/6c005dccdd1d09c481deffc8260557ebd4ca64fcb9b827c2d0426e626336abdf?s=96&d=mm&r=g","contentUrl":"https:\/\/secure.gravatar.com\/avatar\/6c005dccdd1d09c481deffc8260557ebd4ca64fcb9b827c2d0426e626336abdf?s=96&d=mm&r=g","caption":"TA"},"description":"Thinking Africa est un institut de recherche et d'enseignement sur la paix. R\u00e9seau de jeunes chercheurs, d\u2019universitaires confirm\u00e9s et d\u2019experts, Thinking Africa offre, aux institutions, aux gouvernements, aux soci\u00e9t\u00e9s civiles, et aux organisations, des analyses et recommandations pour vivre la paix sur le continent africain.","url":"https:\/\/www.thinkingafrica.org\/V2\/author\/admin\/"}]}},"_links":{"self":[{"href":"https:\/\/www.thinkingafrica.org\/V2\/wp-json\/wp\/v2\/posts\/8465","targetHints":{"allow":["GET"]}}],"collection":[{"href":"https:\/\/www.thinkingafrica.org\/V2\/wp-json\/wp\/v2\/posts"}],"about":[{"href":"https:\/\/www.thinkingafrica.org\/V2\/wp-json\/wp\/v2\/types\/post"}],"author":[{"embeddable":true,"href":"https:\/\/www.thinkingafrica.org\/V2\/wp-json\/wp\/v2\/users\/1"}],"replies":[{"embeddable":true,"href":"https:\/\/www.thinkingafrica.org\/V2\/wp-json\/wp\/v2\/comments?post=8465"}],"version-history":[{"count":10,"href":"https:\/\/www.thinkingafrica.org\/V2\/wp-json\/wp\/v2\/posts\/8465\/revisions"}],"predecessor-version":[{"id":8468,"href":"https:\/\/www.thinkingafrica.org\/V2\/wp-json\/wp\/v2\/posts\/8465\/revisions\/8468"}],"wp:featuredmedia":[{"embeddable":true,"href":"https:\/\/www.thinkingafrica.org\/V2\/wp-json\/wp\/v2\/media\/8466"}],"wp:attachment":[{"href":"https:\/\/www.thinkingafrica.org\/V2\/wp-json\/wp\/v2\/media?parent=8465"}],"wp:term":[{"taxonomy":"category","embeddable":true,"href":"https:\/\/www.thinkingafrica.org\/V2\/wp-json\/wp\/v2\/categories?post=8465"},{"taxonomy":"post_tag","embeddable":true,"href":"https:\/\/www.thinkingafrica.org\/V2\/wp-json\/wp\/v2\/tags?post=8465"}],"curies":[{"name":"wp","href":"https:\/\/api.w.org\/{rel}","templated":true}]}}