{"id":8774,"date":"2021-07-21T09:22:47","date_gmt":"2021-07-21T07:22:47","guid":{"rendered":"https:\/\/www.thinkingafrica.org\/V2\/?p=8774"},"modified":"2022-08-12T19:57:56","modified_gmt":"2022-08-12T17:57:56","slug":"burkina-faso-extremisme-violent","status":"publish","type":"post","link":"https:\/\/www.thinkingafrica.org\/V2\/burkina-faso-extremisme-violent\/","title":{"rendered":"Le Burkina Faso face \u00e0 l&rsquo;extremisme violent et aux attaques terroristes"},"content":{"rendered":"<p>Par Moussa Banhoro<\/p>\n<p><strong>R\u00c9SUM\u00c9 :<\/strong><br \/>\nCette note d\u2019analyse vise \u00e0 passer en revue les mesures prises par le Gouvernement du Burkina Faso dans le cadre de la lutte contre l\u2019expansion du terrorisme dans son espace territorial afin de pr\u00e9senter les acquis engrang\u00e9s et \u00e9galement de d\u00e9celer les lacunes et insuffisances qui jouxtent la strat\u00e9gie antiterroriste de ce pays. Elle pr\u00e9sente les facteurs de basculement des populations surtout sa frange jeune vers les groupes d\u2019extr\u00e9misme violent qui op\u00e8rent au Burkina Faso. A travers cet \u00e9crit, l\u2019auteur s\u2019appesantit sur les perceptions des victimes aussi bien civiles que militaires et polici\u00e8res sur l\u2019engagement du Gouvernement ainsi que l\u2019efficacit\u00e9 des mesures qu\u2019il a prises pour s\u00e9curiser le territoire et faciliter le retour des Personnes d\u00e9plac\u00e9es internes dans leurs localit\u00e9s respectives. Apr\u00e8s la cartographie des groupes terroristes dans les zones dites rouges du Burkina Faso, il aborde bri\u00e8vement les sources de financement de ces groupes. Enfin, il recommande la reconstruction de la fibre patriotique afin que tous les fils de la nation apportent leur soutien aux FDS et au Gouvernement pour juguler le fl\u00e9au qui mine la r\u00e9alisation des droits fondamentaux de l\u2019homme au Burkina Faso. Il termine sur des pistes de solution qui peuvent aider \u00e0 stabiliser le pays notamment le solutionnement des probl\u00e8mes de d\u00e9veloppement que connaissent les r\u00e9gions en proie \u00e0 l\u2019ins\u00e9curit\u00e9 et le renforcement de la pr\u00e9sence militaire dans ces r\u00e9gions, en nombre et avec les \u00e9quipements ad\u00e9quats.<\/p>\n<p><strong>CONTEXTE :<\/strong><br \/>\nLe Sahel est en proie \u00e0 une r\u00e9currence des attaques terroristes depuis la chute de Mouamar Kadhafi en 2011. L\u2019expansion du terrorisme dans le Sahel a contraint les Etats qui le composent \u00e0 mutualiser leurs efforts au sein du G5 sahel afin de s\u00e9curiser leurs espaces respectifs. Ces Etats b\u00e9n\u00e9ficient \u00e9galement de l\u2019appui du syst\u00e8me des Nations Unies et de nombreux pays comme la France, les USA, la Chine, la Russie\u2026 En d\u00e9pit de ces nombreux efforts, les groupes terroristes arrivent \u00e0 r\u00e9pandre la terreur au sein des populations civiles au point o\u00f9 la zone des trois fronti\u00e8res, Mali-Burkina Faso-Niger, est quasiment devenu le terreau des terroristes. Cela facilite le trafic des armes et l\u2019entr\u00e9e sur les diff\u00e9rents territoires des pr\u00e9dicateurs pour l\u2019endoctrinement des populations vuln\u00e9rables. Au Burkina Faso, l\u2019ampleur des attaques a fait perdre environ le 1\/3 du territoire et donc un d\u00e9placement massif des populations vers les zones relativement s\u00e9curis\u00e9es. Ce pays est en phase d\u2019\u00eatre le ventre mou du G5 Sahel car ayant enregistr\u00e9 plus de violences terroristes davantage meurtri\u00e8res que n\u2019importe quel autre pays du Sahel.<\/p>\n<p><strong>ID\u00c9ES MAJEURES :<\/strong><br \/>\n-Le Gouvernement du Burkina Faso a longtemps cru faire face \u00e0 de simples actes de sabotage de ses d\u00e9tracteurs, ce qui a favoris\u00e9 l\u2019expansion rapide du ph\u00e9nom\u00e8ne sur le territoire.<br \/>\n-Les zones en proie au terrorisme n\u2019ont pas b\u00e9n\u00e9fici\u00e9 de la gouvernance ad\u00e9quate, en termes de perspectives \u00e9conomiques, d\u2019infrastructures routi\u00e8res et autres, pour assurer la r\u00e9silience des populations face aux facteurs attractifs qu\u2019offrent les groupes d\u2019extr\u00e9misme violent.<br \/>\n-L\u2019attitude du Gouvernement \u00e0 travers l\u2019utilisation irrationnelle des ressources limit\u00e9es de l\u2019Etat et une strat\u00e9gie de lutte contre le terrorisme inefficace rend septiques les populations quant \u00e0 l\u2019engagement r\u00e9el du r\u00e9gime du MPP pour la s\u00e9curisation du territoire.<\/p>\n<p><strong>PROBL\u00c9MATIQUE :<\/strong><br \/>\nLa strat\u00e9gie adopt\u00e9e par le Gouvernement du Burkina Faso pour lutter contre l\u2019extr\u00e9misme violent est-elle efficace ?<br \/>\nQuels peuvent \u00eatre les correctifs \u00e0 apporter pour que la strat\u00e9gie puisse engranger des r\u00e9sultats probants ?<\/p>\n<span class=\"su-highlight\" style=\"background:#ffffff;color:#970000\">&nbsp;<a href=\"https:\/\/www.thinkingafrica.org\/V2\/wp-content\/uploads\/2021\/07\/NAP-93.pdf\"><strong>TELECHARGEZ LA NOTE D&rsquo;ANALYSE POLITIQUE EN PDF<\/strong><\/a>&nbsp;<\/span>\n<div class=\"su-document su-u-responsive-media-yes\"><iframe loading=\"lazy\" src=\"\/\/docs.google.com\/viewer?embedded=true&url=https:\/\/www.thinkingafrica.org\/V2\/wp-content\/uploads\/2021\/07\/NAP-93.pdf\" width=\"300\" height=\"500\" class=\"su-document\" title=\"\"><\/iframe><\/div>\n","protected":false},"excerpt":{"rendered":"<p>Par Moussa Banhoro R\u00c9SUM\u00c9 : Cette note d\u2019analyse vise \u00e0 passer en revue les mesures prises par le Gouvernement du Burkina Faso dans le cadre de la lutte contre l\u2019expansion du terrorisme dans son espace territorial afin de pr\u00e9senter les acquis engrang\u00e9s et \u00e9galement de d\u00e9celer les lacunes et insuffisances qui jouxtent la strat\u00e9gie antiterroriste [&hellip;]<\/p>\n","protected":false},"author":1,"featured_media":8775,"comment_status":"open","ping_status":"open","sticky":false,"template":"","format":"standard","meta":{"_acf_changed":false,"rs_blank_template":"","rs_page_bg_color":"","slide_template_v7":"","footnotes":""},"categories":[34,554,1],"tags":[],"class_list":["post-8774","post","type-post","status-publish","format-standard","has-post-thumbnail","hentry","category-analyse-politique","category-notes","category-observatoire-du-sahel"],"acf":[],"yoast_head":"<!-- This site is optimized with the Yoast SEO plugin v27.5 - https:\/\/yoast.com\/product\/yoast-seo-wordpress\/ -->\n<title>Le Burkina Faso face \u00e0 l&#039;extremisme violent et aux attaques terroristes - Thinking Africa<\/title>\n<meta name=\"robots\" content=\"index, follow, max-snippet:-1, max-image-preview:large, max-video-preview:-1\" \/>\n<link rel=\"canonical\" href=\"https:\/\/www.thinkingafrica.org\/V2\/burkina-faso-extremisme-violent\/\" \/>\n<meta property=\"og:locale\" content=\"fr_FR\" \/>\n<meta property=\"og:type\" content=\"article\" \/>\n<meta property=\"og:title\" content=\"Le Burkina Faso face \u00e0 l&#039;extremisme violent et aux attaques terroristes - Thinking Africa\" \/>\n<meta property=\"og:description\" content=\"Par Moussa Banhoro R\u00c9SUM\u00c9 : Cette note d\u2019analyse vise \u00e0 passer en revue les mesures prises par le Gouvernement du Burkina Faso dans le cadre de la lutte contre l\u2019expansion du terrorisme dans son espace territorial afin de pr\u00e9senter les acquis engrang\u00e9s et \u00e9galement de d\u00e9celer les lacunes et insuffisances qui jouxtent la strat\u00e9gie antiterroriste [&hellip;]\" \/>\n<meta property=\"og:url\" content=\"https:\/\/www.thinkingafrica.org\/V2\/burkina-faso-extremisme-violent\/\" \/>\n<meta property=\"og:site_name\" content=\"Thinking Africa\" \/>\n<meta property=\"article:published_time\" content=\"2021-07-21T07:22:47+00:00\" \/>\n<meta property=\"article:modified_time\" content=\"2022-08-12T17:57:56+00:00\" \/>\n<meta property=\"og:image\" content=\"https:\/\/www.thinkingafrica.org\/V2\/wp-content\/uploads\/2021\/07\/BF.jpg\" \/>\n\t<meta property=\"og:image:width\" content=\"1200\" \/>\n\t<meta property=\"og:image:height\" content=\"690\" \/>\n\t<meta property=\"og:image:type\" content=\"image\/jpeg\" \/>\n<meta name=\"author\" content=\"TA\" \/>\n<meta name=\"twitter:card\" content=\"summary_large_image\" \/>\n<meta name=\"twitter:label1\" content=\"\u00c9crit par\" \/>\n\t<meta name=\"twitter:data1\" content=\"TA\" \/>\n\t<meta name=\"twitter:label2\" content=\"Dur\u00e9e de lecture estim\u00e9e\" \/>\n\t<meta name=\"twitter:data2\" content=\"3 minutes\" \/>\n<script type=\"application\/ld+json\" class=\"yoast-schema-graph\">{\"@context\":\"https:\\\/\\\/schema.org\",\"@graph\":[{\"@type\":\"Article\",\"@id\":\"https:\\\/\\\/www.thinkingafrica.org\\\/V2\\\/burkina-faso-extremisme-violent\\\/#article\",\"isPartOf\":{\"@id\":\"https:\\\/\\\/www.thinkingafrica.org\\\/V2\\\/burkina-faso-extremisme-violent\\\/\"},\"author\":{\"name\":\"TA\",\"@id\":\"https:\\\/\\\/www.thinkingafrica.org\\\/V2\\\/#\\\/schema\\\/person\\\/d43605ef0d5681c1b27a4ba1fede1cf4\"},\"headline\":\"Le Burkina Faso face \u00e0 l&rsquo;extremisme violent et aux attaques terroristes\",\"datePublished\":\"2021-07-21T07:22:47+00:00\",\"dateModified\":\"2022-08-12T17:57:56+00:00\",\"mainEntityOfPage\":{\"@id\":\"https:\\\/\\\/www.thinkingafrica.org\\\/V2\\\/burkina-faso-extremisme-violent\\\/\"},\"wordCount\":671,\"commentCount\":0,\"image\":{\"@id\":\"https:\\\/\\\/www.thinkingafrica.org\\\/V2\\\/burkina-faso-extremisme-violent\\\/#primaryimage\"},\"thumbnailUrl\":\"https:\\\/\\\/www.thinkingafrica.org\\\/V2\\\/wp-content\\\/uploads\\\/2021\\\/07\\\/BF.jpg\",\"articleSection\":[\"Note d'analyse politique\",\"Notes\",\"Observatoire du Sahel\"],\"inLanguage\":\"fr-FR\",\"potentialAction\":[{\"@type\":\"CommentAction\",\"name\":\"Comment\",\"target\":[\"https:\\\/\\\/www.thinkingafrica.org\\\/V2\\\/burkina-faso-extremisme-violent\\\/#respond\"]}]},{\"@type\":\"WebPage\",\"@id\":\"https:\\\/\\\/www.thinkingafrica.org\\\/V2\\\/burkina-faso-extremisme-violent\\\/\",\"url\":\"https:\\\/\\\/www.thinkingafrica.org\\\/V2\\\/burkina-faso-extremisme-violent\\\/\",\"name\":\"Le Burkina Faso face \u00e0 l'extremisme violent et aux attaques terroristes - Thinking Africa\",\"isPartOf\":{\"@id\":\"https:\\\/\\\/www.thinkingafrica.org\\\/V2\\\/#website\"},\"primaryImageOfPage\":{\"@id\":\"https:\\\/\\\/www.thinkingafrica.org\\\/V2\\\/burkina-faso-extremisme-violent\\\/#primaryimage\"},\"image\":{\"@id\":\"https:\\\/\\\/www.thinkingafrica.org\\\/V2\\\/burkina-faso-extremisme-violent\\\/#primaryimage\"},\"thumbnailUrl\":\"https:\\\/\\\/www.thinkingafrica.org\\\/V2\\\/wp-content\\\/uploads\\\/2021\\\/07\\\/BF.jpg\",\"datePublished\":\"2021-07-21T07:22:47+00:00\",\"dateModified\":\"2022-08-12T17:57:56+00:00\",\"author\":{\"@id\":\"https:\\\/\\\/www.thinkingafrica.org\\\/V2\\\/#\\\/schema\\\/person\\\/d43605ef0d5681c1b27a4ba1fede1cf4\"},\"breadcrumb\":{\"@id\":\"https:\\\/\\\/www.thinkingafrica.org\\\/V2\\\/burkina-faso-extremisme-violent\\\/#breadcrumb\"},\"inLanguage\":\"fr-FR\",\"potentialAction\":[{\"@type\":\"ReadAction\",\"target\":[\"https:\\\/\\\/www.thinkingafrica.org\\\/V2\\\/burkina-faso-extremisme-violent\\\/\"]}]},{\"@type\":\"ImageObject\",\"inLanguage\":\"fr-FR\",\"@id\":\"https:\\\/\\\/www.thinkingafrica.org\\\/V2\\\/burkina-faso-extremisme-violent\\\/#primaryimage\",\"url\":\"https:\\\/\\\/www.thinkingafrica.org\\\/V2\\\/wp-content\\\/uploads\\\/2021\\\/07\\\/BF.jpg\",\"contentUrl\":\"https:\\\/\\\/www.thinkingafrica.org\\\/V2\\\/wp-content\\\/uploads\\\/2021\\\/07\\\/BF.jpg\",\"width\":1200,\"height\":690},{\"@type\":\"BreadcrumbList\",\"@id\":\"https:\\\/\\\/www.thinkingafrica.org\\\/V2\\\/burkina-faso-extremisme-violent\\\/#breadcrumb\",\"itemListElement\":[{\"@type\":\"ListItem\",\"position\":1,\"name\":\"Accueil\",\"item\":\"https:\\\/\\\/www.thinkingafrica.org\\\/V2\\\/\"},{\"@type\":\"ListItem\",\"position\":2,\"name\":\"Le Burkina Faso face \u00e0 l&rsquo;extremisme violent et aux attaques terroristes\"}]},{\"@type\":\"WebSite\",\"@id\":\"https:\\\/\\\/www.thinkingafrica.org\\\/V2\\\/#website\",\"url\":\"https:\\\/\\\/www.thinkingafrica.org\\\/V2\\\/\",\"name\":\"Thinking Africa\",\"description\":\"Recherche, r\u00e9flexions et ressources pour r\u00e9inventer le leadership africain\",\"potentialAction\":[{\"@type\":\"SearchAction\",\"target\":{\"@type\":\"EntryPoint\",\"urlTemplate\":\"https:\\\/\\\/www.thinkingafrica.org\\\/V2\\\/?s={search_term_string}\"},\"query-input\":{\"@type\":\"PropertyValueSpecification\",\"valueRequired\":true,\"valueName\":\"search_term_string\"}}],\"inLanguage\":\"fr-FR\"},{\"@type\":\"Person\",\"@id\":\"https:\\\/\\\/www.thinkingafrica.org\\\/V2\\\/#\\\/schema\\\/person\\\/d43605ef0d5681c1b27a4ba1fede1cf4\",\"name\":\"TA\",\"image\":{\"@type\":\"ImageObject\",\"inLanguage\":\"fr-FR\",\"@id\":\"https:\\\/\\\/secure.gravatar.com\\\/avatar\\\/6c005dccdd1d09c481deffc8260557ebd4ca64fcb9b827c2d0426e626336abdf?s=96&d=mm&r=g\",\"url\":\"https:\\\/\\\/secure.gravatar.com\\\/avatar\\\/6c005dccdd1d09c481deffc8260557ebd4ca64fcb9b827c2d0426e626336abdf?s=96&d=mm&r=g\",\"contentUrl\":\"https:\\\/\\\/secure.gravatar.com\\\/avatar\\\/6c005dccdd1d09c481deffc8260557ebd4ca64fcb9b827c2d0426e626336abdf?s=96&d=mm&r=g\",\"caption\":\"TA\"},\"description\":\"Thinking Africa est un institut de recherche et d'enseignement sur la paix. R\u00e9seau de jeunes chercheurs, d\u2019universitaires confirm\u00e9s et d\u2019experts, Thinking Africa offre, aux institutions, aux gouvernements, aux soci\u00e9t\u00e9s civiles, et aux organisations, des analyses et recommandations pour vivre la paix sur le continent africain.\",\"url\":\"https:\\\/\\\/www.thinkingafrica.org\\\/V2\\\/author\\\/admin\\\/\"}]}<\/script>\n<!-- \/ Yoast SEO plugin. -->","yoast_head_json":{"title":"Le Burkina Faso face \u00e0 l'extremisme violent et aux attaques terroristes - Thinking Africa","robots":{"index":"index","follow":"follow","max-snippet":"max-snippet:-1","max-image-preview":"max-image-preview:large","max-video-preview":"max-video-preview:-1"},"canonical":"https:\/\/www.thinkingafrica.org\/V2\/burkina-faso-extremisme-violent\/","og_locale":"fr_FR","og_type":"article","og_title":"Le Burkina Faso face \u00e0 l'extremisme violent et aux attaques terroristes - Thinking Africa","og_description":"Par Moussa Banhoro R\u00c9SUM\u00c9 : Cette note d\u2019analyse vise \u00e0 passer en revue les mesures prises par le Gouvernement du Burkina Faso dans le cadre de la lutte contre l\u2019expansion du terrorisme dans son espace territorial afin de pr\u00e9senter les acquis engrang\u00e9s et \u00e9galement de d\u00e9celer les lacunes et insuffisances qui jouxtent la strat\u00e9gie antiterroriste [&hellip;]","og_url":"https:\/\/www.thinkingafrica.org\/V2\/burkina-faso-extremisme-violent\/","og_site_name":"Thinking Africa","article_published_time":"2021-07-21T07:22:47+00:00","article_modified_time":"2022-08-12T17:57:56+00:00","og_image":[{"width":1200,"height":690,"url":"https:\/\/www.thinkingafrica.org\/V2\/wp-content\/uploads\/2021\/07\/BF.jpg","type":"image\/jpeg"}],"author":"TA","twitter_card":"summary_large_image","twitter_misc":{"\u00c9crit par":"TA","Dur\u00e9e de lecture estim\u00e9e":"3 minutes"},"schema":{"@context":"https:\/\/schema.org","@graph":[{"@type":"Article","@id":"https:\/\/www.thinkingafrica.org\/V2\/burkina-faso-extremisme-violent\/#article","isPartOf":{"@id":"https:\/\/www.thinkingafrica.org\/V2\/burkina-faso-extremisme-violent\/"},"author":{"name":"TA","@id":"https:\/\/www.thinkingafrica.org\/V2\/#\/schema\/person\/d43605ef0d5681c1b27a4ba1fede1cf4"},"headline":"Le Burkina Faso face \u00e0 l&rsquo;extremisme violent et aux attaques terroristes","datePublished":"2021-07-21T07:22:47+00:00","dateModified":"2022-08-12T17:57:56+00:00","mainEntityOfPage":{"@id":"https:\/\/www.thinkingafrica.org\/V2\/burkina-faso-extremisme-violent\/"},"wordCount":671,"commentCount":0,"image":{"@id":"https:\/\/www.thinkingafrica.org\/V2\/burkina-faso-extremisme-violent\/#primaryimage"},"thumbnailUrl":"https:\/\/www.thinkingafrica.org\/V2\/wp-content\/uploads\/2021\/07\/BF.jpg","articleSection":["Note d'analyse politique","Notes","Observatoire du Sahel"],"inLanguage":"fr-FR","potentialAction":[{"@type":"CommentAction","name":"Comment","target":["https:\/\/www.thinkingafrica.org\/V2\/burkina-faso-extremisme-violent\/#respond"]}]},{"@type":"WebPage","@id":"https:\/\/www.thinkingafrica.org\/V2\/burkina-faso-extremisme-violent\/","url":"https:\/\/www.thinkingafrica.org\/V2\/burkina-faso-extremisme-violent\/","name":"Le Burkina Faso face \u00e0 l'extremisme violent et aux attaques terroristes - Thinking Africa","isPartOf":{"@id":"https:\/\/www.thinkingafrica.org\/V2\/#website"},"primaryImageOfPage":{"@id":"https:\/\/www.thinkingafrica.org\/V2\/burkina-faso-extremisme-violent\/#primaryimage"},"image":{"@id":"https:\/\/www.thinkingafrica.org\/V2\/burkina-faso-extremisme-violent\/#primaryimage"},"thumbnailUrl":"https:\/\/www.thinkingafrica.org\/V2\/wp-content\/uploads\/2021\/07\/BF.jpg","datePublished":"2021-07-21T07:22:47+00:00","dateModified":"2022-08-12T17:57:56+00:00","author":{"@id":"https:\/\/www.thinkingafrica.org\/V2\/#\/schema\/person\/d43605ef0d5681c1b27a4ba1fede1cf4"},"breadcrumb":{"@id":"https:\/\/www.thinkingafrica.org\/V2\/burkina-faso-extremisme-violent\/#breadcrumb"},"inLanguage":"fr-FR","potentialAction":[{"@type":"ReadAction","target":["https:\/\/www.thinkingafrica.org\/V2\/burkina-faso-extremisme-violent\/"]}]},{"@type":"ImageObject","inLanguage":"fr-FR","@id":"https:\/\/www.thinkingafrica.org\/V2\/burkina-faso-extremisme-violent\/#primaryimage","url":"https:\/\/www.thinkingafrica.org\/V2\/wp-content\/uploads\/2021\/07\/BF.jpg","contentUrl":"https:\/\/www.thinkingafrica.org\/V2\/wp-content\/uploads\/2021\/07\/BF.jpg","width":1200,"height":690},{"@type":"BreadcrumbList","@id":"https:\/\/www.thinkingafrica.org\/V2\/burkina-faso-extremisme-violent\/#breadcrumb","itemListElement":[{"@type":"ListItem","position":1,"name":"Accueil","item":"https:\/\/www.thinkingafrica.org\/V2\/"},{"@type":"ListItem","position":2,"name":"Le Burkina Faso face \u00e0 l&rsquo;extremisme violent et aux attaques terroristes"}]},{"@type":"WebSite","@id":"https:\/\/www.thinkingafrica.org\/V2\/#website","url":"https:\/\/www.thinkingafrica.org\/V2\/","name":"Thinking Africa","description":"Recherche, r\u00e9flexions et ressources pour r\u00e9inventer le leadership africain","potentialAction":[{"@type":"SearchAction","target":{"@type":"EntryPoint","urlTemplate":"https:\/\/www.thinkingafrica.org\/V2\/?s={search_term_string}"},"query-input":{"@type":"PropertyValueSpecification","valueRequired":true,"valueName":"search_term_string"}}],"inLanguage":"fr-FR"},{"@type":"Person","@id":"https:\/\/www.thinkingafrica.org\/V2\/#\/schema\/person\/d43605ef0d5681c1b27a4ba1fede1cf4","name":"TA","image":{"@type":"ImageObject","inLanguage":"fr-FR","@id":"https:\/\/secure.gravatar.com\/avatar\/6c005dccdd1d09c481deffc8260557ebd4ca64fcb9b827c2d0426e626336abdf?s=96&d=mm&r=g","url":"https:\/\/secure.gravatar.com\/avatar\/6c005dccdd1d09c481deffc8260557ebd4ca64fcb9b827c2d0426e626336abdf?s=96&d=mm&r=g","contentUrl":"https:\/\/secure.gravatar.com\/avatar\/6c005dccdd1d09c481deffc8260557ebd4ca64fcb9b827c2d0426e626336abdf?s=96&d=mm&r=g","caption":"TA"},"description":"Thinking Africa est un institut de recherche et d'enseignement sur la paix. R\u00e9seau de jeunes chercheurs, d\u2019universitaires confirm\u00e9s et d\u2019experts, Thinking Africa offre, aux institutions, aux gouvernements, aux soci\u00e9t\u00e9s civiles, et aux organisations, des analyses et recommandations pour vivre la paix sur le continent africain.","url":"https:\/\/www.thinkingafrica.org\/V2\/author\/admin\/"}]}},"_links":{"self":[{"href":"https:\/\/www.thinkingafrica.org\/V2\/wp-json\/wp\/v2\/posts\/8774","targetHints":{"allow":["GET"]}}],"collection":[{"href":"https:\/\/www.thinkingafrica.org\/V2\/wp-json\/wp\/v2\/posts"}],"about":[{"href":"https:\/\/www.thinkingafrica.org\/V2\/wp-json\/wp\/v2\/types\/post"}],"author":[{"embeddable":true,"href":"https:\/\/www.thinkingafrica.org\/V2\/wp-json\/wp\/v2\/users\/1"}],"replies":[{"embeddable":true,"href":"https:\/\/www.thinkingafrica.org\/V2\/wp-json\/wp\/v2\/comments?post=8774"}],"version-history":[{"count":4,"href":"https:\/\/www.thinkingafrica.org\/V2\/wp-json\/wp\/v2\/posts\/8774\/revisions"}],"predecessor-version":[{"id":9138,"href":"https:\/\/www.thinkingafrica.org\/V2\/wp-json\/wp\/v2\/posts\/8774\/revisions\/9138"}],"wp:featuredmedia":[{"embeddable":true,"href":"https:\/\/www.thinkingafrica.org\/V2\/wp-json\/wp\/v2\/media\/8775"}],"wp:attachment":[{"href":"https:\/\/www.thinkingafrica.org\/V2\/wp-json\/wp\/v2\/media?parent=8774"}],"wp:term":[{"taxonomy":"category","embeddable":true,"href":"https:\/\/www.thinkingafrica.org\/V2\/wp-json\/wp\/v2\/categories?post=8774"},{"taxonomy":"post_tag","embeddable":true,"href":"https:\/\/www.thinkingafrica.org\/V2\/wp-json\/wp\/v2\/tags?post=8774"}],"curies":[{"name":"wp","href":"https:\/\/api.w.org\/{rel}","templated":true}]}}