{"id":930,"date":"2013-09-18T22:28:31","date_gmt":"2013-09-18T20:28:31","guid":{"rendered":"http:\/\/www.thinkingafrica.org\/V2\/?p=930"},"modified":"2021-05-25T16:04:02","modified_gmt":"2021-05-25T14:04:02","slug":"pnud-togo-thinkingafrica-mediation","status":"publish","type":"post","link":"https:\/\/www.thinkingafrica.org\/V2\/pnud-togo-thinkingafrica-mediation\/","title":{"rendered":"Le PNUD renforce les capacit\u00e9s des Togolais en pr\u00e9vention de conflits et m\u00e9diation"},"content":{"rendered":"<p>Source: <a href=\"http:\/\/www.tg.undp.org\/actualites\/PreventionConflitMediation.html\">Programme des Nations Unies pour le d\u00e9veloppement<\/a>.<\/p>\n<p>Lom\u00e9 &#8211; Un atelier de formation d\u2019une semaine sur \u00ab L\u2019Etat de droit et la pr\u00e9vention des conflits \u00bb se tient depuis le lundi 2 septembre 2013 \u00e0 l\u2019H\u00f4tel Sarakawa de Lom\u00e9. Premier d\u2019une s\u00e9rie de trois, cet atelier est organis\u00e9 par le Programme des Nations Unies pour le D\u00e9veloppement (PNUD). Il regroupe une quarantaine de participants et entre dans le cadre de la mise en \u0153uvre du Projet Consolidation de la Paix ex\u00e9cut\u00e9 en relation avec le Minist\u00e8re des Droits de l\u2019Homme, de la Consolidation de la D\u00e9mocratie et de la Formation Civique, sur un financement de l\u2019Union Europ\u00e9enne et le Bureau de la Pr\u00e9vention des Crises et le Rel\u00e8vement et en collaboration avec le Centre international de formation de maintien de la Paix Kofi Annan. Son objectif est de renforcer les capacit\u00e9s nationales togolaises en termes de pr\u00e9vention des conflits et de m\u00e9diation.<\/p>\n<p align=\"justify\">Lors de la c\u00e9r\u00e9monie d\u2019ouverture de ce premier atelier lundi, le Repr\u00e9sentant Adjoint du PNUD au Togo, M. Damien MAMA a not\u00e9 que : \u00ab<em>Le programme de renforcement des capacit\u00e9s qui s\u2019entame aujourd\u2019hui devra permettre au Togo de disposer d\u2019un vivier de ressources form\u00e9s en analyse des conflits, m\u00e9canismes de gestion et pr\u00e9vention des conflits et en techniques de m\u00e9diation <\/em>\u00bb Il a en outre soulign\u00e9 que : \u00ab Le PNUD a choisi avec l\u2019appui des partenaires comme l\u2019Ambassade des Etats-Unis d\u2019Am\u00e9rique au Togo, d\u2019initier en relation avec des organisations de la Soci\u00e9t\u00e9 Civile un programme d\u2019alerte pr\u00e9coce et de pr\u00e9vention des conflits et violences avant, pendant et apr\u00e8s les \u00e9lections \u00bb<\/p>\n<p align=\"justify\">Pour sa part, Le charg\u00e9 d\u2019Affaires de la D\u00e9l\u00e9gation de l\u2019Union Europ\u00e9enne, M. Guido Carrara a d\u00e9clar\u00e9 que \u00ab <em>Le sens de l\u2019accompagnement de l\u2019UE et du PNUD au gouvernement Togolais r\u00e9side dans la n\u00e9cessit\u00e9 de pr\u00e9vention des conflits \u00e0 un stade pr\u00e9coce en agissant directement sur leurs causes profondes et en combinant, de mani\u00e8re appropri\u00e9e, tous les instruments disponibles<\/em> \u00bb<\/p>\n<p align=\"justify\">Quant au Directeur de Cabinet du Minist\u00e8re des Droits de l\u2019Homme, de la Consolidation de la D\u00e9mocratie et de la Formation Civique, M. Lar\u00e9 Yempabou, il a soulign\u00e9 que \u00ab Cette activit\u00e9 s\u2019inscrit dans le cadre de la mise en \u0153uvre du projet \u00ab <em>Consolidation de la paix et promotion des Droits de l\u2019Homme\u00bb sign\u00e9 entre le gouvernement togolais et le PNUD<\/em>. \u00bb Selon lui, \u00ab <em>ce projet poursuit un double objectif : celui de la diffusion \u00e0 un plus large public des m\u00e9canismes d\u2019alerte pr\u00e9coce pour un recours plus syst\u00e9matique \u00e0 ce type d\u2019outil, et, celui de la mise en place de syst\u00e8mes d\u2019alerte efficaces sur la base desquels des strat\u00e9gies nouvelles peuvent \u00eatre d\u00e9velopp\u00e9es et des actions planifi\u00e9es <\/em>\u00bb<\/p>\n<p align=\"justify\">Un second atelier de formation se tiendra du lundi 9 au vendredi 13 septembre et sera consacr\u00e9 \u00e0 : \u00ab <strong>L\u2019analyse des conflits, m\u00e9diation et n\u00e9gociation<\/strong> \u00bb. Toujours organis\u00e9 par le PNUD avec le Crisis Management Initiative (CMI) du Martii Ahtisaari Centre, cette seconde formation fournira aux b\u00e9n\u00e9ficiaires des connaissances fondamentales sur la paix convergente et transversale et les d\u00e9fis de gouvernance pertinents (impunit\u00e9, acc\u00e8s \u00e0 la justice, r\u00f4le des chefs traditionnels dans la pr\u00e9vention des conflits locaux, gouvernance locale, etc.). Elle sera suivie d\u2019une derni\u00e8re formation du lundi 16 au vendredi 20 septembre 2013 toujours \u00e0 l\u2019H\u00f4tel Sarakawa de Lom\u00e9.<\/p>\n","protected":false},"excerpt":{"rendered":"<p>Source: Programme des Nations Unies pour le d\u00e9veloppement. Lom\u00e9 &#8211; Un atelier de formation d\u2019une semaine sur \u00ab L\u2019Etat de droit et la pr\u00e9vention des conflits \u00bb se tient depuis le lundi 2 septembre 2013 \u00e0 l\u2019H\u00f4tel Sarakawa de Lom\u00e9. Premier d\u2019une s\u00e9rie de trois, cet atelier est organis\u00e9 par le Programme des Nations Unies [&hellip;]<\/p>\n","protected":false},"author":1,"featured_media":932,"comment_status":"open","ping_status":"open","sticky":false,"template":"","format":"standard","meta":{"_acf_changed":false,"rs_blank_template":"","rs_page_bg_color":"","slide_template_v7":"","footnotes":""},"categories":[43,225,213,209],"tags":[],"class_list":["post-930","post","type-post","status-publish","format-standard","has-post-thumbnail","hentry","category-ta-news","category-ranohefy","category-balde","category-saa"],"acf":[],"yoast_head":"<!-- This site is optimized with the Yoast SEO plugin v27.5 - https:\/\/yoast.com\/product\/yoast-seo-wordpress\/ -->\n<title>Le PNUD renforce les capacit\u00e9s des Togolais en pr\u00e9vention de conflits et m\u00e9diation - Thinking Africa<\/title>\n<meta name=\"robots\" content=\"index, follow, max-snippet:-1, max-image-preview:large, max-video-preview:-1\" \/>\n<link rel=\"canonical\" href=\"https:\/\/www.thinkingafrica.org\/V2\/pnud-togo-thinkingafrica-mediation\/\" \/>\n<meta property=\"og:locale\" content=\"fr_FR\" \/>\n<meta property=\"og:type\" content=\"article\" \/>\n<meta property=\"og:title\" content=\"Le PNUD renforce les capacit\u00e9s des Togolais en pr\u00e9vention de conflits et m\u00e9diation - Thinking Africa\" \/>\n<meta property=\"og:description\" content=\"Source: Programme des Nations Unies pour le d\u00e9veloppement. Lom\u00e9 &#8211; Un atelier de formation d\u2019une semaine sur \u00ab L\u2019Etat de droit et la pr\u00e9vention des conflits \u00bb se tient depuis le lundi 2 septembre 2013 \u00e0 l\u2019H\u00f4tel Sarakawa de Lom\u00e9. Premier d\u2019une s\u00e9rie de trois, cet atelier est organis\u00e9 par le Programme des Nations Unies [&hellip;]\" \/>\n<meta property=\"og:url\" content=\"https:\/\/www.thinkingafrica.org\/V2\/pnud-togo-thinkingafrica-mediation\/\" \/>\n<meta property=\"og:site_name\" content=\"Thinking Africa\" \/>\n<meta property=\"article:published_time\" content=\"2013-09-18T20:28:31+00:00\" \/>\n<meta property=\"article:modified_time\" content=\"2021-05-25T14:04:02+00:00\" \/>\n<meta property=\"og:image\" content=\"https:\/\/www.thinkingafrica.org\/V2\/wp-content\/uploads\/2013\/09\/Conflits2.jpg\" \/>\n\t<meta property=\"og:image:width\" content=\"260\" \/>\n\t<meta property=\"og:image:height\" content=\"200\" \/>\n\t<meta property=\"og:image:type\" content=\"image\/jpeg\" \/>\n<meta name=\"author\" content=\"TA\" \/>\n<meta name=\"twitter:card\" content=\"summary_large_image\" \/>\n<meta name=\"twitter:label1\" content=\"\u00c9crit par\" \/>\n\t<meta name=\"twitter:data1\" content=\"TA\" \/>\n\t<meta name=\"twitter:label2\" content=\"Dur\u00e9e de lecture estim\u00e9e\" \/>\n\t<meta name=\"twitter:data2\" content=\"3 minutes\" \/>\n<script type=\"application\/ld+json\" class=\"yoast-schema-graph\">{\"@context\":\"https:\\\/\\\/schema.org\",\"@graph\":[{\"@type\":\"Article\",\"@id\":\"https:\\\/\\\/www.thinkingafrica.org\\\/V2\\\/pnud-togo-thinkingafrica-mediation\\\/#article\",\"isPartOf\":{\"@id\":\"https:\\\/\\\/www.thinkingafrica.org\\\/V2\\\/pnud-togo-thinkingafrica-mediation\\\/\"},\"author\":{\"name\":\"TA\",\"@id\":\"https:\\\/\\\/www.thinkingafrica.org\\\/V2\\\/#\\\/schema\\\/person\\\/d43605ef0d5681c1b27a4ba1fede1cf4\"},\"headline\":\"Le PNUD renforce les capacit\u00e9s des Togolais en pr\u00e9vention de conflits et m\u00e9diation\",\"datePublished\":\"2013-09-18T20:28:31+00:00\",\"dateModified\":\"2021-05-25T14:04:02+00:00\",\"mainEntityOfPage\":{\"@id\":\"https:\\\/\\\/www.thinkingafrica.org\\\/V2\\\/pnud-togo-thinkingafrica-mediation\\\/\"},\"wordCount\":617,\"commentCount\":0,\"image\":{\"@id\":\"https:\\\/\\\/www.thinkingafrica.org\\\/V2\\\/pnud-togo-thinkingafrica-mediation\\\/#primaryimage\"},\"thumbnailUrl\":\"https:\\\/\\\/www.thinkingafrica.org\\\/V2\\\/wp-content\\\/uploads\\\/2013\\\/09\\\/Conflits2.jpg\",\"articleSection\":[\"Dans les m\u00e9dias\",\"F\u00e9licit\u00e9 Jessica Ranohefy\",\"Hassatou Balde\",\"Sa\u00efd Abass Ahamed\"],\"inLanguage\":\"fr-FR\",\"potentialAction\":[{\"@type\":\"CommentAction\",\"name\":\"Comment\",\"target\":[\"https:\\\/\\\/www.thinkingafrica.org\\\/V2\\\/pnud-togo-thinkingafrica-mediation\\\/#respond\"]}]},{\"@type\":\"WebPage\",\"@id\":\"https:\\\/\\\/www.thinkingafrica.org\\\/V2\\\/pnud-togo-thinkingafrica-mediation\\\/\",\"url\":\"https:\\\/\\\/www.thinkingafrica.org\\\/V2\\\/pnud-togo-thinkingafrica-mediation\\\/\",\"name\":\"Le PNUD renforce les capacit\u00e9s des Togolais en pr\u00e9vention de conflits et m\u00e9diation - Thinking Africa\",\"isPartOf\":{\"@id\":\"https:\\\/\\\/www.thinkingafrica.org\\\/V2\\\/#website\"},\"primaryImageOfPage\":{\"@id\":\"https:\\\/\\\/www.thinkingafrica.org\\\/V2\\\/pnud-togo-thinkingafrica-mediation\\\/#primaryimage\"},\"image\":{\"@id\":\"https:\\\/\\\/www.thinkingafrica.org\\\/V2\\\/pnud-togo-thinkingafrica-mediation\\\/#primaryimage\"},\"thumbnailUrl\":\"https:\\\/\\\/www.thinkingafrica.org\\\/V2\\\/wp-content\\\/uploads\\\/2013\\\/09\\\/Conflits2.jpg\",\"datePublished\":\"2013-09-18T20:28:31+00:00\",\"dateModified\":\"2021-05-25T14:04:02+00:00\",\"author\":{\"@id\":\"https:\\\/\\\/www.thinkingafrica.org\\\/V2\\\/#\\\/schema\\\/person\\\/d43605ef0d5681c1b27a4ba1fede1cf4\"},\"breadcrumb\":{\"@id\":\"https:\\\/\\\/www.thinkingafrica.org\\\/V2\\\/pnud-togo-thinkingafrica-mediation\\\/#breadcrumb\"},\"inLanguage\":\"fr-FR\",\"potentialAction\":[{\"@type\":\"ReadAction\",\"target\":[\"https:\\\/\\\/www.thinkingafrica.org\\\/V2\\\/pnud-togo-thinkingafrica-mediation\\\/\"]}]},{\"@type\":\"ImageObject\",\"inLanguage\":\"fr-FR\",\"@id\":\"https:\\\/\\\/www.thinkingafrica.org\\\/V2\\\/pnud-togo-thinkingafrica-mediation\\\/#primaryimage\",\"url\":\"https:\\\/\\\/www.thinkingafrica.org\\\/V2\\\/wp-content\\\/uploads\\\/2013\\\/09\\\/Conflits2.jpg\",\"contentUrl\":\"https:\\\/\\\/www.thinkingafrica.org\\\/V2\\\/wp-content\\\/uploads\\\/2013\\\/09\\\/Conflits2.jpg\",\"width\":260,\"height\":200},{\"@type\":\"BreadcrumbList\",\"@id\":\"https:\\\/\\\/www.thinkingafrica.org\\\/V2\\\/pnud-togo-thinkingafrica-mediation\\\/#breadcrumb\",\"itemListElement\":[{\"@type\":\"ListItem\",\"position\":1,\"name\":\"Accueil\",\"item\":\"https:\\\/\\\/www.thinkingafrica.org\\\/V2\\\/\"},{\"@type\":\"ListItem\",\"position\":2,\"name\":\"Le PNUD renforce les capacit\u00e9s des Togolais en pr\u00e9vention de conflits et m\u00e9diation\"}]},{\"@type\":\"WebSite\",\"@id\":\"https:\\\/\\\/www.thinkingafrica.org\\\/V2\\\/#website\",\"url\":\"https:\\\/\\\/www.thinkingafrica.org\\\/V2\\\/\",\"name\":\"Thinking Africa\",\"description\":\"Recherche, r\u00e9flexions et ressources pour r\u00e9inventer le leadership africain\",\"potentialAction\":[{\"@type\":\"SearchAction\",\"target\":{\"@type\":\"EntryPoint\",\"urlTemplate\":\"https:\\\/\\\/www.thinkingafrica.org\\\/V2\\\/?s={search_term_string}\"},\"query-input\":{\"@type\":\"PropertyValueSpecification\",\"valueRequired\":true,\"valueName\":\"search_term_string\"}}],\"inLanguage\":\"fr-FR\"},{\"@type\":\"Person\",\"@id\":\"https:\\\/\\\/www.thinkingafrica.org\\\/V2\\\/#\\\/schema\\\/person\\\/d43605ef0d5681c1b27a4ba1fede1cf4\",\"name\":\"TA\",\"image\":{\"@type\":\"ImageObject\",\"inLanguage\":\"fr-FR\",\"@id\":\"https:\\\/\\\/secure.gravatar.com\\\/avatar\\\/6c005dccdd1d09c481deffc8260557ebd4ca64fcb9b827c2d0426e626336abdf?s=96&d=mm&r=g\",\"url\":\"https:\\\/\\\/secure.gravatar.com\\\/avatar\\\/6c005dccdd1d09c481deffc8260557ebd4ca64fcb9b827c2d0426e626336abdf?s=96&d=mm&r=g\",\"contentUrl\":\"https:\\\/\\\/secure.gravatar.com\\\/avatar\\\/6c005dccdd1d09c481deffc8260557ebd4ca64fcb9b827c2d0426e626336abdf?s=96&d=mm&r=g\",\"caption\":\"TA\"},\"description\":\"Thinking Africa est un institut de recherche et d'enseignement sur la paix. R\u00e9seau de jeunes chercheurs, d\u2019universitaires confirm\u00e9s et d\u2019experts, Thinking Africa offre, aux institutions, aux gouvernements, aux soci\u00e9t\u00e9s civiles, et aux organisations, des analyses et recommandations pour vivre la paix sur le continent africain.\",\"url\":\"https:\\\/\\\/www.thinkingafrica.org\\\/V2\\\/author\\\/admin\\\/\"}]}<\/script>\n<!-- \/ Yoast SEO plugin. -->","yoast_head_json":{"title":"Le PNUD renforce les capacit\u00e9s des Togolais en pr\u00e9vention de conflits et m\u00e9diation - Thinking Africa","robots":{"index":"index","follow":"follow","max-snippet":"max-snippet:-1","max-image-preview":"max-image-preview:large","max-video-preview":"max-video-preview:-1"},"canonical":"https:\/\/www.thinkingafrica.org\/V2\/pnud-togo-thinkingafrica-mediation\/","og_locale":"fr_FR","og_type":"article","og_title":"Le PNUD renforce les capacit\u00e9s des Togolais en pr\u00e9vention de conflits et m\u00e9diation - Thinking Africa","og_description":"Source: Programme des Nations Unies pour le d\u00e9veloppement. Lom\u00e9 &#8211; Un atelier de formation d\u2019une semaine sur \u00ab L\u2019Etat de droit et la pr\u00e9vention des conflits \u00bb se tient depuis le lundi 2 septembre 2013 \u00e0 l\u2019H\u00f4tel Sarakawa de Lom\u00e9. Premier d\u2019une s\u00e9rie de trois, cet atelier est organis\u00e9 par le Programme des Nations Unies [&hellip;]","og_url":"https:\/\/www.thinkingafrica.org\/V2\/pnud-togo-thinkingafrica-mediation\/","og_site_name":"Thinking Africa","article_published_time":"2013-09-18T20:28:31+00:00","article_modified_time":"2021-05-25T14:04:02+00:00","og_image":[{"width":260,"height":200,"url":"https:\/\/www.thinkingafrica.org\/V2\/wp-content\/uploads\/2013\/09\/Conflits2.jpg","type":"image\/jpeg"}],"author":"TA","twitter_card":"summary_large_image","twitter_misc":{"\u00c9crit par":"TA","Dur\u00e9e de lecture estim\u00e9e":"3 minutes"},"schema":{"@context":"https:\/\/schema.org","@graph":[{"@type":"Article","@id":"https:\/\/www.thinkingafrica.org\/V2\/pnud-togo-thinkingafrica-mediation\/#article","isPartOf":{"@id":"https:\/\/www.thinkingafrica.org\/V2\/pnud-togo-thinkingafrica-mediation\/"},"author":{"name":"TA","@id":"https:\/\/www.thinkingafrica.org\/V2\/#\/schema\/person\/d43605ef0d5681c1b27a4ba1fede1cf4"},"headline":"Le PNUD renforce les capacit\u00e9s des Togolais en pr\u00e9vention de conflits et m\u00e9diation","datePublished":"2013-09-18T20:28:31+00:00","dateModified":"2021-05-25T14:04:02+00:00","mainEntityOfPage":{"@id":"https:\/\/www.thinkingafrica.org\/V2\/pnud-togo-thinkingafrica-mediation\/"},"wordCount":617,"commentCount":0,"image":{"@id":"https:\/\/www.thinkingafrica.org\/V2\/pnud-togo-thinkingafrica-mediation\/#primaryimage"},"thumbnailUrl":"https:\/\/www.thinkingafrica.org\/V2\/wp-content\/uploads\/2013\/09\/Conflits2.jpg","articleSection":["Dans les m\u00e9dias","F\u00e9licit\u00e9 Jessica Ranohefy","Hassatou Balde","Sa\u00efd Abass Ahamed"],"inLanguage":"fr-FR","potentialAction":[{"@type":"CommentAction","name":"Comment","target":["https:\/\/www.thinkingafrica.org\/V2\/pnud-togo-thinkingafrica-mediation\/#respond"]}]},{"@type":"WebPage","@id":"https:\/\/www.thinkingafrica.org\/V2\/pnud-togo-thinkingafrica-mediation\/","url":"https:\/\/www.thinkingafrica.org\/V2\/pnud-togo-thinkingafrica-mediation\/","name":"Le PNUD renforce les capacit\u00e9s des Togolais en pr\u00e9vention de conflits et m\u00e9diation - Thinking Africa","isPartOf":{"@id":"https:\/\/www.thinkingafrica.org\/V2\/#website"},"primaryImageOfPage":{"@id":"https:\/\/www.thinkingafrica.org\/V2\/pnud-togo-thinkingafrica-mediation\/#primaryimage"},"image":{"@id":"https:\/\/www.thinkingafrica.org\/V2\/pnud-togo-thinkingafrica-mediation\/#primaryimage"},"thumbnailUrl":"https:\/\/www.thinkingafrica.org\/V2\/wp-content\/uploads\/2013\/09\/Conflits2.jpg","datePublished":"2013-09-18T20:28:31+00:00","dateModified":"2021-05-25T14:04:02+00:00","author":{"@id":"https:\/\/www.thinkingafrica.org\/V2\/#\/schema\/person\/d43605ef0d5681c1b27a4ba1fede1cf4"},"breadcrumb":{"@id":"https:\/\/www.thinkingafrica.org\/V2\/pnud-togo-thinkingafrica-mediation\/#breadcrumb"},"inLanguage":"fr-FR","potentialAction":[{"@type":"ReadAction","target":["https:\/\/www.thinkingafrica.org\/V2\/pnud-togo-thinkingafrica-mediation\/"]}]},{"@type":"ImageObject","inLanguage":"fr-FR","@id":"https:\/\/www.thinkingafrica.org\/V2\/pnud-togo-thinkingafrica-mediation\/#primaryimage","url":"https:\/\/www.thinkingafrica.org\/V2\/wp-content\/uploads\/2013\/09\/Conflits2.jpg","contentUrl":"https:\/\/www.thinkingafrica.org\/V2\/wp-content\/uploads\/2013\/09\/Conflits2.jpg","width":260,"height":200},{"@type":"BreadcrumbList","@id":"https:\/\/www.thinkingafrica.org\/V2\/pnud-togo-thinkingafrica-mediation\/#breadcrumb","itemListElement":[{"@type":"ListItem","position":1,"name":"Accueil","item":"https:\/\/www.thinkingafrica.org\/V2\/"},{"@type":"ListItem","position":2,"name":"Le PNUD renforce les capacit\u00e9s des Togolais en pr\u00e9vention de conflits et m\u00e9diation"}]},{"@type":"WebSite","@id":"https:\/\/www.thinkingafrica.org\/V2\/#website","url":"https:\/\/www.thinkingafrica.org\/V2\/","name":"Thinking Africa","description":"Recherche, r\u00e9flexions et ressources pour r\u00e9inventer le leadership africain","potentialAction":[{"@type":"SearchAction","target":{"@type":"EntryPoint","urlTemplate":"https:\/\/www.thinkingafrica.org\/V2\/?s={search_term_string}"},"query-input":{"@type":"PropertyValueSpecification","valueRequired":true,"valueName":"search_term_string"}}],"inLanguage":"fr-FR"},{"@type":"Person","@id":"https:\/\/www.thinkingafrica.org\/V2\/#\/schema\/person\/d43605ef0d5681c1b27a4ba1fede1cf4","name":"TA","image":{"@type":"ImageObject","inLanguage":"fr-FR","@id":"https:\/\/secure.gravatar.com\/avatar\/6c005dccdd1d09c481deffc8260557ebd4ca64fcb9b827c2d0426e626336abdf?s=96&d=mm&r=g","url":"https:\/\/secure.gravatar.com\/avatar\/6c005dccdd1d09c481deffc8260557ebd4ca64fcb9b827c2d0426e626336abdf?s=96&d=mm&r=g","contentUrl":"https:\/\/secure.gravatar.com\/avatar\/6c005dccdd1d09c481deffc8260557ebd4ca64fcb9b827c2d0426e626336abdf?s=96&d=mm&r=g","caption":"TA"},"description":"Thinking Africa est un institut de recherche et d'enseignement sur la paix. R\u00e9seau de jeunes chercheurs, d\u2019universitaires confirm\u00e9s et d\u2019experts, Thinking Africa offre, aux institutions, aux gouvernements, aux soci\u00e9t\u00e9s civiles, et aux organisations, des analyses et recommandations pour vivre la paix sur le continent africain.","url":"https:\/\/www.thinkingafrica.org\/V2\/author\/admin\/"}]}},"_links":{"self":[{"href":"https:\/\/www.thinkingafrica.org\/V2\/wp-json\/wp\/v2\/posts\/930","targetHints":{"allow":["GET"]}}],"collection":[{"href":"https:\/\/www.thinkingafrica.org\/V2\/wp-json\/wp\/v2\/posts"}],"about":[{"href":"https:\/\/www.thinkingafrica.org\/V2\/wp-json\/wp\/v2\/types\/post"}],"author":[{"embeddable":true,"href":"https:\/\/www.thinkingafrica.org\/V2\/wp-json\/wp\/v2\/users\/1"}],"replies":[{"embeddable":true,"href":"https:\/\/www.thinkingafrica.org\/V2\/wp-json\/wp\/v2\/comments?post=930"}],"version-history":[{"count":1,"href":"https:\/\/www.thinkingafrica.org\/V2\/wp-json\/wp\/v2\/posts\/930\/revisions"}],"predecessor-version":[{"id":933,"href":"https:\/\/www.thinkingafrica.org\/V2\/wp-json\/wp\/v2\/posts\/930\/revisions\/933"}],"wp:featuredmedia":[{"embeddable":true,"href":"https:\/\/www.thinkingafrica.org\/V2\/wp-json\/wp\/v2\/media\/932"}],"wp:attachment":[{"href":"https:\/\/www.thinkingafrica.org\/V2\/wp-json\/wp\/v2\/media?parent=930"}],"wp:term":[{"taxonomy":"category","embeddable":true,"href":"https:\/\/www.thinkingafrica.org\/V2\/wp-json\/wp\/v2\/categories?post=930"},{"taxonomy":"post_tag","embeddable":true,"href":"https:\/\/www.thinkingafrica.org\/V2\/wp-json\/wp\/v2\/tags?post=930"}],"curies":[{"name":"wp","href":"https:\/\/api.w.org\/{rel}","templated":true}]}}