{"id":9370,"date":"2022-10-05T20:13:22","date_gmt":"2022-10-05T18:13:22","guid":{"rendered":"https:\/\/www.thinkingafrica.org\/V2\/?p=9370"},"modified":"2022-11-15T20:16:57","modified_gmt":"2022-11-15T19:16:57","slug":"nos-dirigeants-doivent-etre-capables-de-nous-defendre-comme-il-le-faut-i-zenabou-boubacar-zakou","status":"publish","type":"post","link":"https:\/\/www.thinkingafrica.org\/V2\/nos-dirigeants-doivent-etre-capables-de-nous-defendre-comme-il-le-faut-i-zenabou-boubacar-zakou\/","title":{"rendered":"Nos dirigeants doivent \u00eatre capables de nous d\u00e9fendre comme il le faut I Z\u00e9nabou Boubacar Zakou,"},"content":{"rendered":"<div class=\"wpb-content-wrapper\">[vc_row][vc_column][vc_column_text]Titulaire d\u2019un BTS, d\u2019une licence et d\u2019un Master 2 en Marketing, Zenabou ne compte pas s\u2019en contenter puisqu&rsquo;elle est inscrite en 3\u00e8me ann\u00e9e en carri\u00e8re internationale \u00e0 la FSJP \u00e0 l\u2019Universit\u00e9 Abdou Moumouni de Niamey.<\/p>\n[\/vc_column_text][vc_video link=\u00a0\u00bbhttps:\/\/youtu.be\/SGw6dmUm05Y\u00a0\u00bb][\/vc_column][\/vc_row][vc_row][vc_column][vc_column_text]Artiste \u00e0 ses heures perdues, l\u2019ancienne militante \u00e9tudiante conna\u00eet aussi le milieu professionnel o\u00f9 elle avait offici\u00e9 comme chef des agents commerciaux dans des grandes entreprises locales.<br \/>\nElle a \u00e9galement eu \u00e0 \u0153uvrer dans le syndicalisme d\u2019abord en tant que d\u00e9l\u00e9gu\u00e9e principale \u00e0 la mobilisation puis d\u00e9l\u00e9gu\u00e9e g\u00e9n\u00e9rale adjointe \u00e0 la commission des affaires f\u00e9minines de l\u2019Union des \u00e9tudiants Nig\u00e9riens de l\u2019Universit\u00e9 de Niamey (CAF\/UENUN).<\/p>\n<p>Aujourd\u2019hui, forte de son militantisme et de son exp\u00e9rience professionnelle, Zeinabou s\u2019est investie dans le milieu associatif en cr\u00e9ant l\u2019ONG \u2018\u2019JEUNESSE PLUS\u2019\u2019.<\/p>\n<p>Depuis 2019, cette ONG travaille dans plusieurs domaines : la sensibilisation sur le civisme, la citoyennet\u00e9 responsable, la sant\u00e9 de la reproduction, l\u2019\u00e9ducation, la promotion de l\u2019emploi des jeunes, l\u2019\u00e9ducation de la jeune fille, la coh\u00e9sion sociale, la participation active des femmes constituent les socles du d\u00e9veloppement \u00e9conomique harmonieux et inclusif du Niger.\u2019\u2019[\/vc_column_text][\/vc_column][\/vc_row]\n<\/div>","protected":false},"excerpt":{"rendered":"<p>Depuis 2019, cette ONG travaille dans plusieurs domaines : la sensibilisation sur le civisme, la citoyennet\u00e9 responsable, la sant\u00e9 de la reproduction, l\u2019\u00e9ducation, la promotion de l\u2019emploi des jeunes, l\u2019\u00e9ducation de la jeune fille, la coh\u00e9sion sociale, la participation active des femmes constituent les socles du d\u00e9veloppement \u00e9conomique harmonieux et inclusif du Niger.\u2019\u2019<\/p>\n","protected":false},"author":15,"featured_media":9371,"comment_status":"open","ping_status":"open","sticky":false,"template":"","format":"video","meta":{"_acf_changed":false,"rs_blank_template":"","rs_page_bg_color":"","slide_template_v7":"","footnotes":""},"categories":[778],"tags":[875,871,872,870,876,874,873],"class_list":["post-9370","post","type-post","status-publish","format-video","has-post-thumbnail","hentry","category-afrique-2030-videotheque","tag-boubacar","tag-capables","tag-defendre","tag-dirigeants","tag-zakou","tag-zenabou","tag-zenabou-boubacar-zakou","post_format-post-format-video"],"acf":[],"yoast_head":"<!-- This site is optimized with the Yoast SEO plugin v27.5 - https:\/\/yoast.com\/product\/yoast-seo-wordpress\/ -->\n<title>Nos dirigeants doivent \u00eatre capables de nous d\u00e9fendre comme il le faut I Z\u00e9nabou Boubacar Zakou, - Thinking Africa<\/title>\n<meta name=\"robots\" content=\"index, follow, max-snippet:-1, max-image-preview:large, max-video-preview:-1\" \/>\n<link rel=\"canonical\" href=\"https:\/\/www.thinkingafrica.org\/V2\/nos-dirigeants-doivent-etre-capables-de-nous-defendre-comme-il-le-faut-i-zenabou-boubacar-zakou\/\" \/>\n<meta property=\"og:locale\" content=\"fr_FR\" \/>\n<meta property=\"og:type\" content=\"article\" \/>\n<meta property=\"og:title\" content=\"Nos dirigeants doivent \u00eatre capables de nous d\u00e9fendre comme il le faut I Z\u00e9nabou Boubacar Zakou, - Thinking Africa\" \/>\n<meta property=\"og:description\" content=\"Depuis 2019, cette ONG travaille dans plusieurs domaines : la sensibilisation sur le civisme, la citoyennet\u00e9 responsable, la sant\u00e9 de la reproduction, l\u2019\u00e9ducation, la promotion de l\u2019emploi des jeunes, l\u2019\u00e9ducation de la jeune fille, la coh\u00e9sion sociale, la participation active des femmes constituent les socles du d\u00e9veloppement \u00e9conomique harmonieux et inclusif du Niger.\u2019\u2019\" \/>\n<meta property=\"og:url\" content=\"https:\/\/www.thinkingafrica.org\/V2\/nos-dirigeants-doivent-etre-capables-de-nous-defendre-comme-il-le-faut-i-zenabou-boubacar-zakou\/\" \/>\n<meta property=\"og:site_name\" content=\"Thinking Africa\" \/>\n<meta property=\"article:published_time\" content=\"2022-10-05T18:13:22+00:00\" \/>\n<meta property=\"article:modified_time\" content=\"2022-11-15T19:16:57+00:00\" \/>\n<meta property=\"og:image\" content=\"https:\/\/www.thinkingafrica.org\/V2\/wp-content\/uploads\/2022\/11\/Nos-dirigeants-doivent-e\u0302tre-capables-de-nous-de\u0301fendre-comme-il-le-faut-I-Ze\u0301nabou-Boubacar-Zakou.jpg\" \/>\n\t<meta property=\"og:image:width\" content=\"1280\" \/>\n\t<meta property=\"og:image:height\" content=\"720\" \/>\n\t<meta property=\"og:image:type\" content=\"image\/jpeg\" \/>\n<meta name=\"author\" content=\"Domoina RAZAFINDRAZAKA\" \/>\n<meta name=\"twitter:card\" content=\"summary_large_image\" \/>\n<meta name=\"twitter:label1\" content=\"\u00c9crit par\" \/>\n\t<meta name=\"twitter:data1\" content=\"Domoina RAZAFINDRAZAKA\" \/>\n\t<meta name=\"twitter:label2\" content=\"Dur\u00e9e de lecture estim\u00e9e\" \/>\n\t<meta name=\"twitter:data2\" content=\"1 minute\" \/>\n<script type=\"application\/ld+json\" class=\"yoast-schema-graph\">{\"@context\":\"https:\\\/\\\/schema.org\",\"@graph\":[{\"@type\":\"Article\",\"@id\":\"https:\\\/\\\/www.thinkingafrica.org\\\/V2\\\/nos-dirigeants-doivent-etre-capables-de-nous-defendre-comme-il-le-faut-i-zenabou-boubacar-zakou\\\/#article\",\"isPartOf\":{\"@id\":\"https:\\\/\\\/www.thinkingafrica.org\\\/V2\\\/nos-dirigeants-doivent-etre-capables-de-nous-defendre-comme-il-le-faut-i-zenabou-boubacar-zakou\\\/\"},\"author\":{\"name\":\"Domoina RAZAFINDRAZAKA\",\"@id\":\"https:\\\/\\\/www.thinkingafrica.org\\\/V2\\\/#\\\/schema\\\/person\\\/1af5d63bd05adb39fe95cad479bc04f5\"},\"headline\":\"Nos dirigeants doivent \u00eatre capables de nous d\u00e9fendre comme il le faut I Z\u00e9nabou Boubacar Zakou,\",\"datePublished\":\"2022-10-05T18:13:22+00:00\",\"dateModified\":\"2022-11-15T19:16:57+00:00\",\"mainEntityOfPage\":{\"@id\":\"https:\\\/\\\/www.thinkingafrica.org\\\/V2\\\/nos-dirigeants-doivent-etre-capables-de-nous-defendre-comme-il-le-faut-i-zenabou-boubacar-zakou\\\/\"},\"wordCount\":254,\"commentCount\":0,\"image\":{\"@id\":\"https:\\\/\\\/www.thinkingafrica.org\\\/V2\\\/nos-dirigeants-doivent-etre-capables-de-nous-defendre-comme-il-le-faut-i-zenabou-boubacar-zakou\\\/#primaryimage\"},\"thumbnailUrl\":\"https:\\\/\\\/www.thinkingafrica.org\\\/V2\\\/wp-content\\\/uploads\\\/2022\\\/11\\\/Nos-dirigeants-doivent-e\u0302tre-capables-de-nous-de\u0301fendre-comme-il-le-faut-I-Ze\u0301nabou-Boubacar-Zakou.jpg\",\"keywords\":[\"Boubacar\",\"capables\",\"d\u00e9fendre\",\"dirigeants\",\"Zakou\",\"Z\u00e9nabou\",\"Z\u00e9nabou Boubacar Zakou\"],\"articleSection\":[\"Afrique 2030\"],\"inLanguage\":\"fr-FR\",\"potentialAction\":[{\"@type\":\"CommentAction\",\"name\":\"Comment\",\"target\":[\"https:\\\/\\\/www.thinkingafrica.org\\\/V2\\\/nos-dirigeants-doivent-etre-capables-de-nous-defendre-comme-il-le-faut-i-zenabou-boubacar-zakou\\\/#respond\"]}]},{\"@type\":\"WebPage\",\"@id\":\"https:\\\/\\\/www.thinkingafrica.org\\\/V2\\\/nos-dirigeants-doivent-etre-capables-de-nous-defendre-comme-il-le-faut-i-zenabou-boubacar-zakou\\\/\",\"url\":\"https:\\\/\\\/www.thinkingafrica.org\\\/V2\\\/nos-dirigeants-doivent-etre-capables-de-nous-defendre-comme-il-le-faut-i-zenabou-boubacar-zakou\\\/\",\"name\":\"Nos dirigeants doivent \u00eatre capables de nous d\u00e9fendre comme il le faut I Z\u00e9nabou Boubacar Zakou, - Thinking Africa\",\"isPartOf\":{\"@id\":\"https:\\\/\\\/www.thinkingafrica.org\\\/V2\\\/#website\"},\"primaryImageOfPage\":{\"@id\":\"https:\\\/\\\/www.thinkingafrica.org\\\/V2\\\/nos-dirigeants-doivent-etre-capables-de-nous-defendre-comme-il-le-faut-i-zenabou-boubacar-zakou\\\/#primaryimage\"},\"image\":{\"@id\":\"https:\\\/\\\/www.thinkingafrica.org\\\/V2\\\/nos-dirigeants-doivent-etre-capables-de-nous-defendre-comme-il-le-faut-i-zenabou-boubacar-zakou\\\/#primaryimage\"},\"thumbnailUrl\":\"https:\\\/\\\/www.thinkingafrica.org\\\/V2\\\/wp-content\\\/uploads\\\/2022\\\/11\\\/Nos-dirigeants-doivent-e\u0302tre-capables-de-nous-de\u0301fendre-comme-il-le-faut-I-Ze\u0301nabou-Boubacar-Zakou.jpg\",\"datePublished\":\"2022-10-05T18:13:22+00:00\",\"dateModified\":\"2022-11-15T19:16:57+00:00\",\"author\":{\"@id\":\"https:\\\/\\\/www.thinkingafrica.org\\\/V2\\\/#\\\/schema\\\/person\\\/1af5d63bd05adb39fe95cad479bc04f5\"},\"breadcrumb\":{\"@id\":\"https:\\\/\\\/www.thinkingafrica.org\\\/V2\\\/nos-dirigeants-doivent-etre-capables-de-nous-defendre-comme-il-le-faut-i-zenabou-boubacar-zakou\\\/#breadcrumb\"},\"inLanguage\":\"fr-FR\",\"potentialAction\":[{\"@type\":\"ReadAction\",\"target\":[\"https:\\\/\\\/www.thinkingafrica.org\\\/V2\\\/nos-dirigeants-doivent-etre-capables-de-nous-defendre-comme-il-le-faut-i-zenabou-boubacar-zakou\\\/\"]}]},{\"@type\":\"ImageObject\",\"inLanguage\":\"fr-FR\",\"@id\":\"https:\\\/\\\/www.thinkingafrica.org\\\/V2\\\/nos-dirigeants-doivent-etre-capables-de-nous-defendre-comme-il-le-faut-i-zenabou-boubacar-zakou\\\/#primaryimage\",\"url\":\"https:\\\/\\\/www.thinkingafrica.org\\\/V2\\\/wp-content\\\/uploads\\\/2022\\\/11\\\/Nos-dirigeants-doivent-e\u0302tre-capables-de-nous-de\u0301fendre-comme-il-le-faut-I-Ze\u0301nabou-Boubacar-Zakou.jpg\",\"contentUrl\":\"https:\\\/\\\/www.thinkingafrica.org\\\/V2\\\/wp-content\\\/uploads\\\/2022\\\/11\\\/Nos-dirigeants-doivent-e\u0302tre-capables-de-nous-de\u0301fendre-comme-il-le-faut-I-Ze\u0301nabou-Boubacar-Zakou.jpg\",\"width\":1280,\"height\":720},{\"@type\":\"BreadcrumbList\",\"@id\":\"https:\\\/\\\/www.thinkingafrica.org\\\/V2\\\/nos-dirigeants-doivent-etre-capables-de-nous-defendre-comme-il-le-faut-i-zenabou-boubacar-zakou\\\/#breadcrumb\",\"itemListElement\":[{\"@type\":\"ListItem\",\"position\":1,\"name\":\"Accueil\",\"item\":\"https:\\\/\\\/www.thinkingafrica.org\\\/V2\\\/\"},{\"@type\":\"ListItem\",\"position\":2,\"name\":\"Nos dirigeants doivent \u00eatre capables de nous d\u00e9fendre comme il le faut I Z\u00e9nabou Boubacar Zakou,\"}]},{\"@type\":\"WebSite\",\"@id\":\"https:\\\/\\\/www.thinkingafrica.org\\\/V2\\\/#website\",\"url\":\"https:\\\/\\\/www.thinkingafrica.org\\\/V2\\\/\",\"name\":\"Thinking Africa\",\"description\":\"Recherche, r\u00e9flexions et ressources pour r\u00e9inventer le leadership africain\",\"potentialAction\":[{\"@type\":\"SearchAction\",\"target\":{\"@type\":\"EntryPoint\",\"urlTemplate\":\"https:\\\/\\\/www.thinkingafrica.org\\\/V2\\\/?s={search_term_string}\"},\"query-input\":{\"@type\":\"PropertyValueSpecification\",\"valueRequired\":true,\"valueName\":\"search_term_string\"}}],\"inLanguage\":\"fr-FR\"},{\"@type\":\"Person\",\"@id\":\"https:\\\/\\\/www.thinkingafrica.org\\\/V2\\\/#\\\/schema\\\/person\\\/1af5d63bd05adb39fe95cad479bc04f5\",\"name\":\"Domoina RAZAFINDRAZAKA\",\"image\":{\"@type\":\"ImageObject\",\"inLanguage\":\"fr-FR\",\"@id\":\"https:\\\/\\\/secure.gravatar.com\\\/avatar\\\/177046b3aadf375fc6043545c43509ebe9dabbf7048572697fba796f77801a19?s=96&d=mm&r=g\",\"url\":\"https:\\\/\\\/secure.gravatar.com\\\/avatar\\\/177046b3aadf375fc6043545c43509ebe9dabbf7048572697fba796f77801a19?s=96&d=mm&r=g\",\"contentUrl\":\"https:\\\/\\\/secure.gravatar.com\\\/avatar\\\/177046b3aadf375fc6043545c43509ebe9dabbf7048572697fba796f77801a19?s=96&d=mm&r=g\",\"caption\":\"Domoina RAZAFINDRAZAKA\"},\"sameAs\":[\"admin\"],\"url\":\"https:\\\/\\\/www.thinkingafrica.org\\\/V2\\\/author\\\/dom-raz-sylviagmail-com\\\/\"}]}<\/script>\n<!-- \/ Yoast SEO plugin. -->","yoast_head_json":{"title":"Nos dirigeants doivent \u00eatre capables de nous d\u00e9fendre comme il le faut I Z\u00e9nabou Boubacar Zakou, - Thinking Africa","robots":{"index":"index","follow":"follow","max-snippet":"max-snippet:-1","max-image-preview":"max-image-preview:large","max-video-preview":"max-video-preview:-1"},"canonical":"https:\/\/www.thinkingafrica.org\/V2\/nos-dirigeants-doivent-etre-capables-de-nous-defendre-comme-il-le-faut-i-zenabou-boubacar-zakou\/","og_locale":"fr_FR","og_type":"article","og_title":"Nos dirigeants doivent \u00eatre capables de nous d\u00e9fendre comme il le faut I Z\u00e9nabou Boubacar Zakou, - Thinking Africa","og_description":"Depuis 2019, cette ONG travaille dans plusieurs domaines : la sensibilisation sur le civisme, la citoyennet\u00e9 responsable, la sant\u00e9 de la reproduction, l\u2019\u00e9ducation, la promotion de l\u2019emploi des jeunes, l\u2019\u00e9ducation de la jeune fille, la coh\u00e9sion sociale, la participation active des femmes constituent les socles du d\u00e9veloppement \u00e9conomique harmonieux et inclusif du Niger.\u2019\u2019","og_url":"https:\/\/www.thinkingafrica.org\/V2\/nos-dirigeants-doivent-etre-capables-de-nous-defendre-comme-il-le-faut-i-zenabou-boubacar-zakou\/","og_site_name":"Thinking Africa","article_published_time":"2022-10-05T18:13:22+00:00","article_modified_time":"2022-11-15T19:16:57+00:00","og_image":[{"width":1280,"height":720,"url":"https:\/\/www.thinkingafrica.org\/V2\/wp-content\/uploads\/2022\/11\/Nos-dirigeants-doivent-e\u0302tre-capables-de-nous-de\u0301fendre-comme-il-le-faut-I-Ze\u0301nabou-Boubacar-Zakou.jpg","type":"image\/jpeg"}],"author":"Domoina RAZAFINDRAZAKA","twitter_card":"summary_large_image","twitter_misc":{"\u00c9crit par":"Domoina RAZAFINDRAZAKA","Dur\u00e9e de lecture estim\u00e9e":"1 minute"},"schema":{"@context":"https:\/\/schema.org","@graph":[{"@type":"Article","@id":"https:\/\/www.thinkingafrica.org\/V2\/nos-dirigeants-doivent-etre-capables-de-nous-defendre-comme-il-le-faut-i-zenabou-boubacar-zakou\/#article","isPartOf":{"@id":"https:\/\/www.thinkingafrica.org\/V2\/nos-dirigeants-doivent-etre-capables-de-nous-defendre-comme-il-le-faut-i-zenabou-boubacar-zakou\/"},"author":{"name":"Domoina RAZAFINDRAZAKA","@id":"https:\/\/www.thinkingafrica.org\/V2\/#\/schema\/person\/1af5d63bd05adb39fe95cad479bc04f5"},"headline":"Nos dirigeants doivent \u00eatre capables de nous d\u00e9fendre comme il le faut I Z\u00e9nabou Boubacar Zakou,","datePublished":"2022-10-05T18:13:22+00:00","dateModified":"2022-11-15T19:16:57+00:00","mainEntityOfPage":{"@id":"https:\/\/www.thinkingafrica.org\/V2\/nos-dirigeants-doivent-etre-capables-de-nous-defendre-comme-il-le-faut-i-zenabou-boubacar-zakou\/"},"wordCount":254,"commentCount":0,"image":{"@id":"https:\/\/www.thinkingafrica.org\/V2\/nos-dirigeants-doivent-etre-capables-de-nous-defendre-comme-il-le-faut-i-zenabou-boubacar-zakou\/#primaryimage"},"thumbnailUrl":"https:\/\/www.thinkingafrica.org\/V2\/wp-content\/uploads\/2022\/11\/Nos-dirigeants-doivent-e\u0302tre-capables-de-nous-de\u0301fendre-comme-il-le-faut-I-Ze\u0301nabou-Boubacar-Zakou.jpg","keywords":["Boubacar","capables","d\u00e9fendre","dirigeants","Zakou","Z\u00e9nabou","Z\u00e9nabou Boubacar Zakou"],"articleSection":["Afrique 2030"],"inLanguage":"fr-FR","potentialAction":[{"@type":"CommentAction","name":"Comment","target":["https:\/\/www.thinkingafrica.org\/V2\/nos-dirigeants-doivent-etre-capables-de-nous-defendre-comme-il-le-faut-i-zenabou-boubacar-zakou\/#respond"]}]},{"@type":"WebPage","@id":"https:\/\/www.thinkingafrica.org\/V2\/nos-dirigeants-doivent-etre-capables-de-nous-defendre-comme-il-le-faut-i-zenabou-boubacar-zakou\/","url":"https:\/\/www.thinkingafrica.org\/V2\/nos-dirigeants-doivent-etre-capables-de-nous-defendre-comme-il-le-faut-i-zenabou-boubacar-zakou\/","name":"Nos dirigeants doivent \u00eatre capables de nous d\u00e9fendre comme il le faut I Z\u00e9nabou Boubacar Zakou, - Thinking Africa","isPartOf":{"@id":"https:\/\/www.thinkingafrica.org\/V2\/#website"},"primaryImageOfPage":{"@id":"https:\/\/www.thinkingafrica.org\/V2\/nos-dirigeants-doivent-etre-capables-de-nous-defendre-comme-il-le-faut-i-zenabou-boubacar-zakou\/#primaryimage"},"image":{"@id":"https:\/\/www.thinkingafrica.org\/V2\/nos-dirigeants-doivent-etre-capables-de-nous-defendre-comme-il-le-faut-i-zenabou-boubacar-zakou\/#primaryimage"},"thumbnailUrl":"https:\/\/www.thinkingafrica.org\/V2\/wp-content\/uploads\/2022\/11\/Nos-dirigeants-doivent-e\u0302tre-capables-de-nous-de\u0301fendre-comme-il-le-faut-I-Ze\u0301nabou-Boubacar-Zakou.jpg","datePublished":"2022-10-05T18:13:22+00:00","dateModified":"2022-11-15T19:16:57+00:00","author":{"@id":"https:\/\/www.thinkingafrica.org\/V2\/#\/schema\/person\/1af5d63bd05adb39fe95cad479bc04f5"},"breadcrumb":{"@id":"https:\/\/www.thinkingafrica.org\/V2\/nos-dirigeants-doivent-etre-capables-de-nous-defendre-comme-il-le-faut-i-zenabou-boubacar-zakou\/#breadcrumb"},"inLanguage":"fr-FR","potentialAction":[{"@type":"ReadAction","target":["https:\/\/www.thinkingafrica.org\/V2\/nos-dirigeants-doivent-etre-capables-de-nous-defendre-comme-il-le-faut-i-zenabou-boubacar-zakou\/"]}]},{"@type":"ImageObject","inLanguage":"fr-FR","@id":"https:\/\/www.thinkingafrica.org\/V2\/nos-dirigeants-doivent-etre-capables-de-nous-defendre-comme-il-le-faut-i-zenabou-boubacar-zakou\/#primaryimage","url":"https:\/\/www.thinkingafrica.org\/V2\/wp-content\/uploads\/2022\/11\/Nos-dirigeants-doivent-e\u0302tre-capables-de-nous-de\u0301fendre-comme-il-le-faut-I-Ze\u0301nabou-Boubacar-Zakou.jpg","contentUrl":"https:\/\/www.thinkingafrica.org\/V2\/wp-content\/uploads\/2022\/11\/Nos-dirigeants-doivent-e\u0302tre-capables-de-nous-de\u0301fendre-comme-il-le-faut-I-Ze\u0301nabou-Boubacar-Zakou.jpg","width":1280,"height":720},{"@type":"BreadcrumbList","@id":"https:\/\/www.thinkingafrica.org\/V2\/nos-dirigeants-doivent-etre-capables-de-nous-defendre-comme-il-le-faut-i-zenabou-boubacar-zakou\/#breadcrumb","itemListElement":[{"@type":"ListItem","position":1,"name":"Accueil","item":"https:\/\/www.thinkingafrica.org\/V2\/"},{"@type":"ListItem","position":2,"name":"Nos dirigeants doivent \u00eatre capables de nous d\u00e9fendre comme il le faut I Z\u00e9nabou Boubacar Zakou,"}]},{"@type":"WebSite","@id":"https:\/\/www.thinkingafrica.org\/V2\/#website","url":"https:\/\/www.thinkingafrica.org\/V2\/","name":"Thinking Africa","description":"Recherche, r\u00e9flexions et ressources pour r\u00e9inventer le leadership africain","potentialAction":[{"@type":"SearchAction","target":{"@type":"EntryPoint","urlTemplate":"https:\/\/www.thinkingafrica.org\/V2\/?s={search_term_string}"},"query-input":{"@type":"PropertyValueSpecification","valueRequired":true,"valueName":"search_term_string"}}],"inLanguage":"fr-FR"},{"@type":"Person","@id":"https:\/\/www.thinkingafrica.org\/V2\/#\/schema\/person\/1af5d63bd05adb39fe95cad479bc04f5","name":"Domoina RAZAFINDRAZAKA","image":{"@type":"ImageObject","inLanguage":"fr-FR","@id":"https:\/\/secure.gravatar.com\/avatar\/177046b3aadf375fc6043545c43509ebe9dabbf7048572697fba796f77801a19?s=96&d=mm&r=g","url":"https:\/\/secure.gravatar.com\/avatar\/177046b3aadf375fc6043545c43509ebe9dabbf7048572697fba796f77801a19?s=96&d=mm&r=g","contentUrl":"https:\/\/secure.gravatar.com\/avatar\/177046b3aadf375fc6043545c43509ebe9dabbf7048572697fba796f77801a19?s=96&d=mm&r=g","caption":"Domoina RAZAFINDRAZAKA"},"sameAs":["admin"],"url":"https:\/\/www.thinkingafrica.org\/V2\/author\/dom-raz-sylviagmail-com\/"}]}},"_links":{"self":[{"href":"https:\/\/www.thinkingafrica.org\/V2\/wp-json\/wp\/v2\/posts\/9370","targetHints":{"allow":["GET"]}}],"collection":[{"href":"https:\/\/www.thinkingafrica.org\/V2\/wp-json\/wp\/v2\/posts"}],"about":[{"href":"https:\/\/www.thinkingafrica.org\/V2\/wp-json\/wp\/v2\/types\/post"}],"author":[{"embeddable":true,"href":"https:\/\/www.thinkingafrica.org\/V2\/wp-json\/wp\/v2\/users\/15"}],"replies":[{"embeddable":true,"href":"https:\/\/www.thinkingafrica.org\/V2\/wp-json\/wp\/v2\/comments?post=9370"}],"version-history":[{"count":1,"href":"https:\/\/www.thinkingafrica.org\/V2\/wp-json\/wp\/v2\/posts\/9370\/revisions"}],"predecessor-version":[{"id":9372,"href":"https:\/\/www.thinkingafrica.org\/V2\/wp-json\/wp\/v2\/posts\/9370\/revisions\/9372"}],"wp:featuredmedia":[{"embeddable":true,"href":"https:\/\/www.thinkingafrica.org\/V2\/wp-json\/wp\/v2\/media\/9371"}],"wp:attachment":[{"href":"https:\/\/www.thinkingafrica.org\/V2\/wp-json\/wp\/v2\/media?parent=9370"}],"wp:term":[{"taxonomy":"category","embeddable":true,"href":"https:\/\/www.thinkingafrica.org\/V2\/wp-json\/wp\/v2\/categories?post=9370"},{"taxonomy":"post_tag","embeddable":true,"href":"https:\/\/www.thinkingafrica.org\/V2\/wp-json\/wp\/v2\/tags?post=9370"}],"curies":[{"name":"wp","href":"https:\/\/api.w.org\/{rel}","templated":true}]}}