{"id":9387,"date":"2022-10-05T20:40:07","date_gmt":"2022-10-05T18:40:07","guid":{"rendered":"https:\/\/www.thinkingafrica.org\/V2\/?p=9387"},"modified":"2022-11-15T20:43:46","modified_gmt":"2022-11-15T19:43:46","slug":"la-jeunesse-africaine-participera-au-developpement-du-continent-i-leila-tall","status":"publish","type":"post","link":"https:\/\/www.thinkingafrica.org\/V2\/la-jeunesse-africaine-participera-au-developpement-du-continent-i-leila-tall\/","title":{"rendered":"La jeunesse africaine participera au d\u00e9veloppement du continent I Leila Tall"},"content":{"rendered":"<div class=\"wpb-content-wrapper\">[vc_row][vc_column][vc_column_text]Licenci\u00e9 en ressources humaines, L\u00e9ila TALL est SGA de l&rsquo;association Sahel Activistes Niger. Pour elle les d\u00e9fis du Sahel sont : le d\u00e9fi s\u00e9curit\u00e9, les conflits arm\u00e9s et le terrorisme.<br \/>\nLa jeunesse africaine participera au d\u00e9veloppement du continent.[\/vc_column_text][vc_video link=\u00a0\u00bbhttps:\/\/youtu.be\/ZhkS6vdgf2w\u00a0\u00bb][\/vc_column][\/vc_row][vc_row][vc_column][vc_column_text]Enfin la femme est exclu dans les instances de prise de d\u00e9cisions. C&rsquo;est pour cela que je propose de cr\u00e9er une confiance entre le gouvernement, les communaut\u00e9s locales et la jeunesse. Inclure les femmes dans les instances de prise de d\u00e9cisions. Amener surtout les jeunes \u00e0 l&rsquo;engagement et \u00e0 la participation citoyenne.[\/vc_column_text][\/vc_column][\/vc_row]\n<\/div>","protected":false},"excerpt":{"rendered":"<p>Licenci\u00e9 en ressources humaines, L\u00e9ila TALL est SGA de l&rsquo;association Sahel Activistes Niger. Pour elle les d\u00e9fis du Sahel sont : le d\u00e9fi s\u00e9curit\u00e9, les conflits arm\u00e9s et le terrorisme.<br \/>\nLa jeunesse africaine participera au d\u00e9veloppement du continent.<br \/>\nEnfin la femme est exclu dans les instances de prise de d\u00e9cisions. C&rsquo;est pour cela que je propose de cr\u00e9er une confiance entre le gouvernement, les communaut\u00e9s locales et la jeunesse. Inclure les femmes dans les instances de prise de d\u00e9cisions. Amener surtout les jeunes \u00e0 l&rsquo;engagement et \u00e0 la participation citoyenne.<\/p>\n","protected":false},"author":15,"featured_media":9388,"comment_status":"open","ping_status":"open","sticky":false,"template":"","format":"video","meta":{"_acf_changed":false,"rs_blank_template":"","rs_page_bg_color":"","slide_template_v7":"","footnotes":""},"categories":[778],"tags":[670,785,157,335,894,893],"class_list":["post-9387","post","type-post","status-publish","format-video","has-post-thumbnail","hentry","category-afrique-2030-videotheque","tag-africaine","tag-continent","tag-developpement","tag-jeunesse","tag-leila-tall","tag-participera","post_format-post-format-video"],"acf":[],"yoast_head":"<!-- This site is optimized with the Yoast SEO plugin v27.4 - https:\/\/yoast.com\/product\/yoast-seo-wordpress\/ -->\n<title>La jeunesse africaine participera au d\u00e9veloppement du continent I Leila Tall - Thinking Africa<\/title>\n<meta name=\"robots\" content=\"index, follow, max-snippet:-1, max-image-preview:large, max-video-preview:-1\" \/>\n<link rel=\"canonical\" href=\"https:\/\/www.thinkingafrica.org\/V2\/la-jeunesse-africaine-participera-au-developpement-du-continent-i-leila-tall\/\" \/>\n<meta property=\"og:locale\" content=\"fr_FR\" \/>\n<meta property=\"og:type\" content=\"article\" \/>\n<meta property=\"og:title\" content=\"La jeunesse africaine participera au d\u00e9veloppement du continent I Leila Tall - Thinking Africa\" \/>\n<meta property=\"og:description\" content=\"Licenci\u00e9 en ressources humaines, L\u00e9ila TALL est SGA de l&#039;association Sahel Activistes Niger. Pour elle les d\u00e9fis du Sahel sont : le d\u00e9fi s\u00e9curit\u00e9, les conflits arm\u00e9s et le terrorisme.  La jeunesse africaine participera au d\u00e9veloppement du continent.  Enfin la femme est exclu dans les instances de prise de d\u00e9cisions. C&#039;est pour cela que je propose de cr\u00e9er une confiance entre le gouvernement, les communaut\u00e9s locales et la jeunesse. Inclure les femmes dans les instances de prise de d\u00e9cisions. Amener surtout les jeunes \u00e0 l&#039;engagement et \u00e0 la participation citoyenne.\" \/>\n<meta property=\"og:url\" content=\"https:\/\/www.thinkingafrica.org\/V2\/la-jeunesse-africaine-participera-au-developpement-du-continent-i-leila-tall\/\" \/>\n<meta property=\"og:site_name\" content=\"Thinking Africa\" \/>\n<meta property=\"article:published_time\" content=\"2022-10-05T18:40:07+00:00\" \/>\n<meta property=\"article:modified_time\" content=\"2022-11-15T19:43:46+00:00\" \/>\n<meta property=\"og:image\" content=\"https:\/\/www.thinkingafrica.org\/V2\/wp-content\/uploads\/2022\/11\/La-jeunesse-africaine-participera-au-de\u0301veloppement-du-continent-I-Leila-Tall.jpg\" \/>\n\t<meta property=\"og:image:width\" content=\"686\" \/>\n\t<meta property=\"og:image:height\" content=\"386\" \/>\n\t<meta property=\"og:image:type\" content=\"image\/jpeg\" \/>\n<meta name=\"author\" content=\"Domoina RAZAFINDRAZAKA\" \/>\n<meta name=\"twitter:card\" content=\"summary_large_image\" \/>\n<meta name=\"twitter:label1\" content=\"\u00c9crit par\" \/>\n\t<meta name=\"twitter:data1\" content=\"Domoina RAZAFINDRAZAKA\" \/>\n\t<meta name=\"twitter:label2\" content=\"Dur\u00e9e de lecture estim\u00e9e\" \/>\n\t<meta name=\"twitter:data2\" content=\"1 minute\" \/>\n<script type=\"application\/ld+json\" class=\"yoast-schema-graph\">{\"@context\":\"https:\\\/\\\/schema.org\",\"@graph\":[{\"@type\":\"Article\",\"@id\":\"https:\\\/\\\/www.thinkingafrica.org\\\/V2\\\/la-jeunesse-africaine-participera-au-developpement-du-continent-i-leila-tall\\\/#article\",\"isPartOf\":{\"@id\":\"https:\\\/\\\/www.thinkingafrica.org\\\/V2\\\/la-jeunesse-africaine-participera-au-developpement-du-continent-i-leila-tall\\\/\"},\"author\":{\"name\":\"Domoina RAZAFINDRAZAKA\",\"@id\":\"https:\\\/\\\/www.thinkingafrica.org\\\/V2\\\/#\\\/schema\\\/person\\\/1af5d63bd05adb39fe95cad479bc04f5\"},\"headline\":\"La jeunesse africaine participera au d\u00e9veloppement du continent I Leila Tall\",\"datePublished\":\"2022-10-05T18:40:07+00:00\",\"dateModified\":\"2022-11-15T19:43:46+00:00\",\"mainEntityOfPage\":{\"@id\":\"https:\\\/\\\/www.thinkingafrica.org\\\/V2\\\/la-jeunesse-africaine-participera-au-developpement-du-continent-i-leila-tall\\\/\"},\"wordCount\":146,\"commentCount\":0,\"image\":{\"@id\":\"https:\\\/\\\/www.thinkingafrica.org\\\/V2\\\/la-jeunesse-africaine-participera-au-developpement-du-continent-i-leila-tall\\\/#primaryimage\"},\"thumbnailUrl\":\"https:\\\/\\\/www.thinkingafrica.org\\\/V2\\\/wp-content\\\/uploads\\\/2022\\\/11\\\/La-jeunesse-africaine-participera-au-de\u0301veloppement-du-continent-I-Leila-Tall.jpg\",\"keywords\":[\"africaine\",\"continent\",\"d\u00e9veloppement\",\"Jeunesse\",\"Leila Tall\",\"participera\"],\"articleSection\":[\"Afrique 2030\"],\"inLanguage\":\"fr-FR\",\"potentialAction\":[{\"@type\":\"CommentAction\",\"name\":\"Comment\",\"target\":[\"https:\\\/\\\/www.thinkingafrica.org\\\/V2\\\/la-jeunesse-africaine-participera-au-developpement-du-continent-i-leila-tall\\\/#respond\"]}]},{\"@type\":\"WebPage\",\"@id\":\"https:\\\/\\\/www.thinkingafrica.org\\\/V2\\\/la-jeunesse-africaine-participera-au-developpement-du-continent-i-leila-tall\\\/\",\"url\":\"https:\\\/\\\/www.thinkingafrica.org\\\/V2\\\/la-jeunesse-africaine-participera-au-developpement-du-continent-i-leila-tall\\\/\",\"name\":\"La jeunesse africaine participera au d\u00e9veloppement du continent I Leila Tall - Thinking Africa\",\"isPartOf\":{\"@id\":\"https:\\\/\\\/www.thinkingafrica.org\\\/V2\\\/#website\"},\"primaryImageOfPage\":{\"@id\":\"https:\\\/\\\/www.thinkingafrica.org\\\/V2\\\/la-jeunesse-africaine-participera-au-developpement-du-continent-i-leila-tall\\\/#primaryimage\"},\"image\":{\"@id\":\"https:\\\/\\\/www.thinkingafrica.org\\\/V2\\\/la-jeunesse-africaine-participera-au-developpement-du-continent-i-leila-tall\\\/#primaryimage\"},\"thumbnailUrl\":\"https:\\\/\\\/www.thinkingafrica.org\\\/V2\\\/wp-content\\\/uploads\\\/2022\\\/11\\\/La-jeunesse-africaine-participera-au-de\u0301veloppement-du-continent-I-Leila-Tall.jpg\",\"datePublished\":\"2022-10-05T18:40:07+00:00\",\"dateModified\":\"2022-11-15T19:43:46+00:00\",\"author\":{\"@id\":\"https:\\\/\\\/www.thinkingafrica.org\\\/V2\\\/#\\\/schema\\\/person\\\/1af5d63bd05adb39fe95cad479bc04f5\"},\"breadcrumb\":{\"@id\":\"https:\\\/\\\/www.thinkingafrica.org\\\/V2\\\/la-jeunesse-africaine-participera-au-developpement-du-continent-i-leila-tall\\\/#breadcrumb\"},\"inLanguage\":\"fr-FR\",\"potentialAction\":[{\"@type\":\"ReadAction\",\"target\":[\"https:\\\/\\\/www.thinkingafrica.org\\\/V2\\\/la-jeunesse-africaine-participera-au-developpement-du-continent-i-leila-tall\\\/\"]}]},{\"@type\":\"ImageObject\",\"inLanguage\":\"fr-FR\",\"@id\":\"https:\\\/\\\/www.thinkingafrica.org\\\/V2\\\/la-jeunesse-africaine-participera-au-developpement-du-continent-i-leila-tall\\\/#primaryimage\",\"url\":\"https:\\\/\\\/www.thinkingafrica.org\\\/V2\\\/wp-content\\\/uploads\\\/2022\\\/11\\\/La-jeunesse-africaine-participera-au-de\u0301veloppement-du-continent-I-Leila-Tall.jpg\",\"contentUrl\":\"https:\\\/\\\/www.thinkingafrica.org\\\/V2\\\/wp-content\\\/uploads\\\/2022\\\/11\\\/La-jeunesse-africaine-participera-au-de\u0301veloppement-du-continent-I-Leila-Tall.jpg\",\"width\":686,\"height\":386},{\"@type\":\"BreadcrumbList\",\"@id\":\"https:\\\/\\\/www.thinkingafrica.org\\\/V2\\\/la-jeunesse-africaine-participera-au-developpement-du-continent-i-leila-tall\\\/#breadcrumb\",\"itemListElement\":[{\"@type\":\"ListItem\",\"position\":1,\"name\":\"Accueil\",\"item\":\"https:\\\/\\\/www.thinkingafrica.org\\\/V2\\\/\"},{\"@type\":\"ListItem\",\"position\":2,\"name\":\"La jeunesse africaine participera au d\u00e9veloppement du continent I Leila Tall\"}]},{\"@type\":\"WebSite\",\"@id\":\"https:\\\/\\\/www.thinkingafrica.org\\\/V2\\\/#website\",\"url\":\"https:\\\/\\\/www.thinkingafrica.org\\\/V2\\\/\",\"name\":\"Thinking Africa\",\"description\":\"Recherche, r\u00e9flexions et ressources pour r\u00e9inventer le leadership africain\",\"potentialAction\":[{\"@type\":\"SearchAction\",\"target\":{\"@type\":\"EntryPoint\",\"urlTemplate\":\"https:\\\/\\\/www.thinkingafrica.org\\\/V2\\\/?s={search_term_string}\"},\"query-input\":{\"@type\":\"PropertyValueSpecification\",\"valueRequired\":true,\"valueName\":\"search_term_string\"}}],\"inLanguage\":\"fr-FR\"},{\"@type\":\"Person\",\"@id\":\"https:\\\/\\\/www.thinkingafrica.org\\\/V2\\\/#\\\/schema\\\/person\\\/1af5d63bd05adb39fe95cad479bc04f5\",\"name\":\"Domoina RAZAFINDRAZAKA\",\"image\":{\"@type\":\"ImageObject\",\"inLanguage\":\"fr-FR\",\"@id\":\"https:\\\/\\\/secure.gravatar.com\\\/avatar\\\/177046b3aadf375fc6043545c43509ebe9dabbf7048572697fba796f77801a19?s=96&d=mm&r=g\",\"url\":\"https:\\\/\\\/secure.gravatar.com\\\/avatar\\\/177046b3aadf375fc6043545c43509ebe9dabbf7048572697fba796f77801a19?s=96&d=mm&r=g\",\"contentUrl\":\"https:\\\/\\\/secure.gravatar.com\\\/avatar\\\/177046b3aadf375fc6043545c43509ebe9dabbf7048572697fba796f77801a19?s=96&d=mm&r=g\",\"caption\":\"Domoina RAZAFINDRAZAKA\"},\"sameAs\":[\"admin\"],\"url\":\"https:\\\/\\\/www.thinkingafrica.org\\\/V2\\\/author\\\/dom-raz-sylviagmail-com\\\/\"}]}<\/script>\n<!-- \/ Yoast SEO plugin. -->","yoast_head_json":{"title":"La jeunesse africaine participera au d\u00e9veloppement du continent I Leila Tall - Thinking Africa","robots":{"index":"index","follow":"follow","max-snippet":"max-snippet:-1","max-image-preview":"max-image-preview:large","max-video-preview":"max-video-preview:-1"},"canonical":"https:\/\/www.thinkingafrica.org\/V2\/la-jeunesse-africaine-participera-au-developpement-du-continent-i-leila-tall\/","og_locale":"fr_FR","og_type":"article","og_title":"La jeunesse africaine participera au d\u00e9veloppement du continent I Leila Tall - Thinking Africa","og_description":"Licenci\u00e9 en ressources humaines, L\u00e9ila TALL est SGA de l'association Sahel Activistes Niger. Pour elle les d\u00e9fis du Sahel sont : le d\u00e9fi s\u00e9curit\u00e9, les conflits arm\u00e9s et le terrorisme.  La jeunesse africaine participera au d\u00e9veloppement du continent.  Enfin la femme est exclu dans les instances de prise de d\u00e9cisions. C'est pour cela que je propose de cr\u00e9er une confiance entre le gouvernement, les communaut\u00e9s locales et la jeunesse. Inclure les femmes dans les instances de prise de d\u00e9cisions. Amener surtout les jeunes \u00e0 l'engagement et \u00e0 la participation citoyenne.","og_url":"https:\/\/www.thinkingafrica.org\/V2\/la-jeunesse-africaine-participera-au-developpement-du-continent-i-leila-tall\/","og_site_name":"Thinking Africa","article_published_time":"2022-10-05T18:40:07+00:00","article_modified_time":"2022-11-15T19:43:46+00:00","og_image":[{"width":686,"height":386,"url":"https:\/\/www.thinkingafrica.org\/V2\/wp-content\/uploads\/2022\/11\/La-jeunesse-africaine-participera-au-de\u0301veloppement-du-continent-I-Leila-Tall.jpg","type":"image\/jpeg"}],"author":"Domoina RAZAFINDRAZAKA","twitter_card":"summary_large_image","twitter_misc":{"\u00c9crit par":"Domoina RAZAFINDRAZAKA","Dur\u00e9e de lecture estim\u00e9e":"1 minute"},"schema":{"@context":"https:\/\/schema.org","@graph":[{"@type":"Article","@id":"https:\/\/www.thinkingafrica.org\/V2\/la-jeunesse-africaine-participera-au-developpement-du-continent-i-leila-tall\/#article","isPartOf":{"@id":"https:\/\/www.thinkingafrica.org\/V2\/la-jeunesse-africaine-participera-au-developpement-du-continent-i-leila-tall\/"},"author":{"name":"Domoina RAZAFINDRAZAKA","@id":"https:\/\/www.thinkingafrica.org\/V2\/#\/schema\/person\/1af5d63bd05adb39fe95cad479bc04f5"},"headline":"La jeunesse africaine participera au d\u00e9veloppement du continent I Leila Tall","datePublished":"2022-10-05T18:40:07+00:00","dateModified":"2022-11-15T19:43:46+00:00","mainEntityOfPage":{"@id":"https:\/\/www.thinkingafrica.org\/V2\/la-jeunesse-africaine-participera-au-developpement-du-continent-i-leila-tall\/"},"wordCount":146,"commentCount":0,"image":{"@id":"https:\/\/www.thinkingafrica.org\/V2\/la-jeunesse-africaine-participera-au-developpement-du-continent-i-leila-tall\/#primaryimage"},"thumbnailUrl":"https:\/\/www.thinkingafrica.org\/V2\/wp-content\/uploads\/2022\/11\/La-jeunesse-africaine-participera-au-de\u0301veloppement-du-continent-I-Leila-Tall.jpg","keywords":["africaine","continent","d\u00e9veloppement","Jeunesse","Leila Tall","participera"],"articleSection":["Afrique 2030"],"inLanguage":"fr-FR","potentialAction":[{"@type":"CommentAction","name":"Comment","target":["https:\/\/www.thinkingafrica.org\/V2\/la-jeunesse-africaine-participera-au-developpement-du-continent-i-leila-tall\/#respond"]}]},{"@type":"WebPage","@id":"https:\/\/www.thinkingafrica.org\/V2\/la-jeunesse-africaine-participera-au-developpement-du-continent-i-leila-tall\/","url":"https:\/\/www.thinkingafrica.org\/V2\/la-jeunesse-africaine-participera-au-developpement-du-continent-i-leila-tall\/","name":"La jeunesse africaine participera au d\u00e9veloppement du continent I Leila Tall - Thinking Africa","isPartOf":{"@id":"https:\/\/www.thinkingafrica.org\/V2\/#website"},"primaryImageOfPage":{"@id":"https:\/\/www.thinkingafrica.org\/V2\/la-jeunesse-africaine-participera-au-developpement-du-continent-i-leila-tall\/#primaryimage"},"image":{"@id":"https:\/\/www.thinkingafrica.org\/V2\/la-jeunesse-africaine-participera-au-developpement-du-continent-i-leila-tall\/#primaryimage"},"thumbnailUrl":"https:\/\/www.thinkingafrica.org\/V2\/wp-content\/uploads\/2022\/11\/La-jeunesse-africaine-participera-au-de\u0301veloppement-du-continent-I-Leila-Tall.jpg","datePublished":"2022-10-05T18:40:07+00:00","dateModified":"2022-11-15T19:43:46+00:00","author":{"@id":"https:\/\/www.thinkingafrica.org\/V2\/#\/schema\/person\/1af5d63bd05adb39fe95cad479bc04f5"},"breadcrumb":{"@id":"https:\/\/www.thinkingafrica.org\/V2\/la-jeunesse-africaine-participera-au-developpement-du-continent-i-leila-tall\/#breadcrumb"},"inLanguage":"fr-FR","potentialAction":[{"@type":"ReadAction","target":["https:\/\/www.thinkingafrica.org\/V2\/la-jeunesse-africaine-participera-au-developpement-du-continent-i-leila-tall\/"]}]},{"@type":"ImageObject","inLanguage":"fr-FR","@id":"https:\/\/www.thinkingafrica.org\/V2\/la-jeunesse-africaine-participera-au-developpement-du-continent-i-leila-tall\/#primaryimage","url":"https:\/\/www.thinkingafrica.org\/V2\/wp-content\/uploads\/2022\/11\/La-jeunesse-africaine-participera-au-de\u0301veloppement-du-continent-I-Leila-Tall.jpg","contentUrl":"https:\/\/www.thinkingafrica.org\/V2\/wp-content\/uploads\/2022\/11\/La-jeunesse-africaine-participera-au-de\u0301veloppement-du-continent-I-Leila-Tall.jpg","width":686,"height":386},{"@type":"BreadcrumbList","@id":"https:\/\/www.thinkingafrica.org\/V2\/la-jeunesse-africaine-participera-au-developpement-du-continent-i-leila-tall\/#breadcrumb","itemListElement":[{"@type":"ListItem","position":1,"name":"Accueil","item":"https:\/\/www.thinkingafrica.org\/V2\/"},{"@type":"ListItem","position":2,"name":"La jeunesse africaine participera au d\u00e9veloppement du continent I Leila Tall"}]},{"@type":"WebSite","@id":"https:\/\/www.thinkingafrica.org\/V2\/#website","url":"https:\/\/www.thinkingafrica.org\/V2\/","name":"Thinking Africa","description":"Recherche, r\u00e9flexions et ressources pour r\u00e9inventer le leadership africain","potentialAction":[{"@type":"SearchAction","target":{"@type":"EntryPoint","urlTemplate":"https:\/\/www.thinkingafrica.org\/V2\/?s={search_term_string}"},"query-input":{"@type":"PropertyValueSpecification","valueRequired":true,"valueName":"search_term_string"}}],"inLanguage":"fr-FR"},{"@type":"Person","@id":"https:\/\/www.thinkingafrica.org\/V2\/#\/schema\/person\/1af5d63bd05adb39fe95cad479bc04f5","name":"Domoina RAZAFINDRAZAKA","image":{"@type":"ImageObject","inLanguage":"fr-FR","@id":"https:\/\/secure.gravatar.com\/avatar\/177046b3aadf375fc6043545c43509ebe9dabbf7048572697fba796f77801a19?s=96&d=mm&r=g","url":"https:\/\/secure.gravatar.com\/avatar\/177046b3aadf375fc6043545c43509ebe9dabbf7048572697fba796f77801a19?s=96&d=mm&r=g","contentUrl":"https:\/\/secure.gravatar.com\/avatar\/177046b3aadf375fc6043545c43509ebe9dabbf7048572697fba796f77801a19?s=96&d=mm&r=g","caption":"Domoina RAZAFINDRAZAKA"},"sameAs":["admin"],"url":"https:\/\/www.thinkingafrica.org\/V2\/author\/dom-raz-sylviagmail-com\/"}]}},"_links":{"self":[{"href":"https:\/\/www.thinkingafrica.org\/V2\/wp-json\/wp\/v2\/posts\/9387","targetHints":{"allow":["GET"]}}],"collection":[{"href":"https:\/\/www.thinkingafrica.org\/V2\/wp-json\/wp\/v2\/posts"}],"about":[{"href":"https:\/\/www.thinkingafrica.org\/V2\/wp-json\/wp\/v2\/types\/post"}],"author":[{"embeddable":true,"href":"https:\/\/www.thinkingafrica.org\/V2\/wp-json\/wp\/v2\/users\/15"}],"replies":[{"embeddable":true,"href":"https:\/\/www.thinkingafrica.org\/V2\/wp-json\/wp\/v2\/comments?post=9387"}],"version-history":[{"count":1,"href":"https:\/\/www.thinkingafrica.org\/V2\/wp-json\/wp\/v2\/posts\/9387\/revisions"}],"predecessor-version":[{"id":9389,"href":"https:\/\/www.thinkingafrica.org\/V2\/wp-json\/wp\/v2\/posts\/9387\/revisions\/9389"}],"wp:featuredmedia":[{"embeddable":true,"href":"https:\/\/www.thinkingafrica.org\/V2\/wp-json\/wp\/v2\/media\/9388"}],"wp:attachment":[{"href":"https:\/\/www.thinkingafrica.org\/V2\/wp-json\/wp\/v2\/media?parent=9387"}],"wp:term":[{"taxonomy":"category","embeddable":true,"href":"https:\/\/www.thinkingafrica.org\/V2\/wp-json\/wp\/v2\/categories?post=9387"},{"taxonomy":"post_tag","embeddable":true,"href":"https:\/\/www.thinkingafrica.org\/V2\/wp-json\/wp\/v2\/tags?post=9387"}],"curies":[{"name":"wp","href":"https:\/\/api.w.org\/{rel}","templated":true}]}}