{"id":9749,"date":"2024-06-18T18:14:34","date_gmt":"2024-06-18T16:14:34","guid":{"rendered":"https:\/\/www.thinkingafrica.org\/V2\/?p=9749"},"modified":"2026-01-08T20:13:17","modified_gmt":"2026-01-08T19:13:17","slug":"african-peace-and-security-annual-conference-apsaco-mediation-in-african-internal-conflicts-rabat-du-10-au-11-juin-2024","status":"publish","type":"post","link":"https:\/\/www.thinkingafrica.org\/V2\/african-peace-and-security-annual-conference-apsaco-mediation-in-african-internal-conflicts-rabat-du-10-au-11-juin-2024\/","title":{"rendered":"African peace and security annual conference (APSACO) mediation in african internal conflicts rabat, du 10 au 11 juin 2024"},"content":{"rendered":"<p>\u00c0 l\u2019occasion de la 8\u00e8me \u00e9dition de la Conf\u00e9rence annuelle pour la paix et la s\u00e9curit\u00e9 africaines (African Peace and Security Annual Conference), des experts du monde entier se sont r\u00e9unis \u00e0 Rabat (Maroc) afin d\u2019\u00e9changer sur la th\u00e9matique de l\u2019\u00e9v\u00e8nement : la m\u00e9diation dans les conflits internes en Afrique. Cette conf\u00e9rence, organis\u00e9e par le <a href=\"https:\/\/www.policycenter.ma\" target=\"_blank\" rel=\"noopener\">Policy Center for the New South<\/a>, fut l\u2019occasion pour les participants d\u2019\u00e9changer sur le r\u00f4le des institutions et structures de promotion de la paix et de la s\u00e9curit\u00e9 dans le continent ainsi que de faire un point sur les atouts de l\u2019Afrique et sa capacit\u00e9 \u00e0 surpasser les d\u00e9fis actuels.<\/p>\n<p>Au cours de ces deux jours, <em>cinq sujets ont \u00e9t\u00e9 abord\u00e9s par les panelistes invit\u00e9s :<\/em><\/p>\n<ul>\n<li>M\u00e9canismes et approches de m\u00e9diation dans les conflits internes.<\/li>\n<li>Innovation pour une meilleure coordination des processus local, national, r\u00e9gional et international<\/li>\n<li>Perspectives r\u00e9gionales sur les conflits internes dans la r\u00e9gion sah\u00e9lo-saharienne,<\/li>\n<li>Soci\u00e9t\u00e9s civiles africaine et renforcement des cessez-le-feu<\/li>\n<li>Valoriser les comp\u00e9tences et l&rsquo;expertise africaine pour une approche commune de la m\u00e9diation<\/li>\n<\/ul>\n<p>&nbsp;<\/p>\n<p class=\"Standard\" style=\"text-align: justify;\">Thinking Africa est ravi d\u2019avoir pu participer \u00e0 cet \u00e9v\u00e8nement par le biais de son directeur, Dr. Said Abass Ahamed, invit\u00e9 et membre de l\u2019un des panels. Le P\u00f4le pour l&rsquo;axe strat\u00e9gique Sud de l\u2019OTAN (NSD-S Hub) et l\u2019unit\u00e9 de recherche <a href=\"https:\/\/www.lam.sciencespobordeaux.fr\/\" target=\"_blank\" rel=\"noopener\">Les Afriques dans le Monde (LAM)<\/a> faisaient \u00e9galement partie des invit\u00e9s.<\/p>\n<p>&nbsp;<\/p>\n<p>&nbsp;<\/p>\n","protected":false},"excerpt":{"rendered":"<p>\u00c0 l\u2019occasion de la 8\u00e8me \u00e9dition de la Conf\u00e9rence annuelle pour la paix et la s\u00e9curit\u00e9 africaines (African Peace and Security Annual Conference), des experts du monde entier se sont r\u00e9unis \u00e0 Rabat (Maroc) afin d\u2019\u00e9changer sur la th\u00e9matique de l\u2019\u00e9v\u00e8nement : la m\u00e9diation dans les conflits internes en Afrique. Cette conf\u00e9rence, organis\u00e9e par le [&hellip;]<\/p>\n","protected":false},"author":15,"featured_media":9750,"comment_status":"open","ping_status":"open","sticky":false,"template":"","format":"standard","meta":{"_acf_changed":false,"rs_blank_template":"","rs_page_bg_color":"","slide_template_v7":"","footnotes":""},"categories":[42],"tags":[],"class_list":["post-9749","post","type-post","status-publish","format-standard","has-post-thumbnail","hentry","category-communiques"],"acf":[],"yoast_head":"<!-- This site is optimized with the Yoast SEO plugin v27.5 - https:\/\/yoast.com\/product\/yoast-seo-wordpress\/ -->\n<title>African peace and security annual conference (APSACO) mediation in african internal conflicts rabat, du 10 au 11 juin 2024 - Thinking Africa<\/title>\n<meta name=\"robots\" content=\"index, follow, max-snippet:-1, max-image-preview:large, max-video-preview:-1\" \/>\n<link rel=\"canonical\" href=\"https:\/\/www.thinkingafrica.org\/V2\/african-peace-and-security-annual-conference-apsaco-mediation-in-african-internal-conflicts-rabat-du-10-au-11-juin-2024\/\" \/>\n<meta property=\"og:locale\" content=\"fr_FR\" \/>\n<meta property=\"og:type\" content=\"article\" \/>\n<meta property=\"og:title\" content=\"African peace and security annual conference (APSACO) mediation in african internal conflicts rabat, du 10 au 11 juin 2024 - Thinking Africa\" \/>\n<meta property=\"og:description\" content=\"\u00c0 l\u2019occasion de la 8\u00e8me \u00e9dition de la Conf\u00e9rence annuelle pour la paix et la s\u00e9curit\u00e9 africaines (African Peace and Security Annual Conference), des experts du monde entier se sont r\u00e9unis \u00e0 Rabat (Maroc) afin d\u2019\u00e9changer sur la th\u00e9matique de l\u2019\u00e9v\u00e8nement : la m\u00e9diation dans les conflits internes en Afrique. Cette conf\u00e9rence, organis\u00e9e par le [&hellip;]\" \/>\n<meta property=\"og:url\" content=\"https:\/\/www.thinkingafrica.org\/V2\/african-peace-and-security-annual-conference-apsaco-mediation-in-african-internal-conflicts-rabat-du-10-au-11-juin-2024\/\" \/>\n<meta property=\"og:site_name\" content=\"Thinking Africa\" \/>\n<meta property=\"article:published_time\" content=\"2024-06-18T16:14:34+00:00\" \/>\n<meta property=\"article:modified_time\" content=\"2026-01-08T19:13:17+00:00\" \/>\n<meta property=\"og:image\" content=\"https:\/\/www.thinkingafrica.org\/V2\/wp-content\/uploads\/2024\/06\/Sans-titre-1-2-scaled.jpg\" \/>\n\t<meta property=\"og:image:width\" content=\"2560\" \/>\n\t<meta property=\"og:image:height\" content=\"1707\" \/>\n\t<meta property=\"og:image:type\" content=\"image\/jpeg\" \/>\n<meta name=\"author\" content=\"Domoina RAZAFINDRAZAKA\" \/>\n<meta name=\"twitter:card\" content=\"summary_large_image\" \/>\n<meta name=\"twitter:label1\" content=\"\u00c9crit par\" \/>\n\t<meta name=\"twitter:data1\" content=\"Domoina RAZAFINDRAZAKA\" \/>\n\t<meta name=\"twitter:label2\" content=\"Dur\u00e9e de lecture estim\u00e9e\" \/>\n\t<meta name=\"twitter:data2\" content=\"2 minutes\" \/>\n<script type=\"application\/ld+json\" class=\"yoast-schema-graph\">{\"@context\":\"https:\\\/\\\/schema.org\",\"@graph\":[{\"@type\":\"Article\",\"@id\":\"https:\\\/\\\/www.thinkingafrica.org\\\/V2\\\/african-peace-and-security-annual-conference-apsaco-mediation-in-african-internal-conflicts-rabat-du-10-au-11-juin-2024\\\/#article\",\"isPartOf\":{\"@id\":\"https:\\\/\\\/www.thinkingafrica.org\\\/V2\\\/african-peace-and-security-annual-conference-apsaco-mediation-in-african-internal-conflicts-rabat-du-10-au-11-juin-2024\\\/\"},\"author\":{\"name\":\"Domoina RAZAFINDRAZAKA\",\"@id\":\"https:\\\/\\\/www.thinkingafrica.org\\\/V2\\\/#\\\/schema\\\/person\\\/1af5d63bd05adb39fe95cad479bc04f5\"},\"headline\":\"African peace and security annual conference (APSACO) mediation in african internal conflicts rabat, du 10 au 11 juin 2024\",\"datePublished\":\"2024-06-18T16:14:34+00:00\",\"dateModified\":\"2026-01-08T19:13:17+00:00\",\"mainEntityOfPage\":{\"@id\":\"https:\\\/\\\/www.thinkingafrica.org\\\/V2\\\/african-peace-and-security-annual-conference-apsaco-mediation-in-african-internal-conflicts-rabat-du-10-au-11-juin-2024\\\/\"},\"wordCount\":274,\"commentCount\":0,\"image\":{\"@id\":\"https:\\\/\\\/www.thinkingafrica.org\\\/V2\\\/african-peace-and-security-annual-conference-apsaco-mediation-in-african-internal-conflicts-rabat-du-10-au-11-juin-2024\\\/#primaryimage\"},\"thumbnailUrl\":\"https:\\\/\\\/www.thinkingafrica.org\\\/V2\\\/wp-content\\\/uploads\\\/2024\\\/06\\\/Sans-titre-1-2-scaled.jpg\",\"articleSection\":[\"Communiqu\u00e9s\"],\"inLanguage\":\"fr-FR\",\"potentialAction\":[{\"@type\":\"CommentAction\",\"name\":\"Comment\",\"target\":[\"https:\\\/\\\/www.thinkingafrica.org\\\/V2\\\/african-peace-and-security-annual-conference-apsaco-mediation-in-african-internal-conflicts-rabat-du-10-au-11-juin-2024\\\/#respond\"]}]},{\"@type\":\"WebPage\",\"@id\":\"https:\\\/\\\/www.thinkingafrica.org\\\/V2\\\/african-peace-and-security-annual-conference-apsaco-mediation-in-african-internal-conflicts-rabat-du-10-au-11-juin-2024\\\/\",\"url\":\"https:\\\/\\\/www.thinkingafrica.org\\\/V2\\\/african-peace-and-security-annual-conference-apsaco-mediation-in-african-internal-conflicts-rabat-du-10-au-11-juin-2024\\\/\",\"name\":\"African peace and security annual conference (APSACO) mediation in african internal conflicts rabat, du 10 au 11 juin 2024 - Thinking Africa\",\"isPartOf\":{\"@id\":\"https:\\\/\\\/www.thinkingafrica.org\\\/V2\\\/#website\"},\"primaryImageOfPage\":{\"@id\":\"https:\\\/\\\/www.thinkingafrica.org\\\/V2\\\/african-peace-and-security-annual-conference-apsaco-mediation-in-african-internal-conflicts-rabat-du-10-au-11-juin-2024\\\/#primaryimage\"},\"image\":{\"@id\":\"https:\\\/\\\/www.thinkingafrica.org\\\/V2\\\/african-peace-and-security-annual-conference-apsaco-mediation-in-african-internal-conflicts-rabat-du-10-au-11-juin-2024\\\/#primaryimage\"},\"thumbnailUrl\":\"https:\\\/\\\/www.thinkingafrica.org\\\/V2\\\/wp-content\\\/uploads\\\/2024\\\/06\\\/Sans-titre-1-2-scaled.jpg\",\"datePublished\":\"2024-06-18T16:14:34+00:00\",\"dateModified\":\"2026-01-08T19:13:17+00:00\",\"author\":{\"@id\":\"https:\\\/\\\/www.thinkingafrica.org\\\/V2\\\/#\\\/schema\\\/person\\\/1af5d63bd05adb39fe95cad479bc04f5\"},\"breadcrumb\":{\"@id\":\"https:\\\/\\\/www.thinkingafrica.org\\\/V2\\\/african-peace-and-security-annual-conference-apsaco-mediation-in-african-internal-conflicts-rabat-du-10-au-11-juin-2024\\\/#breadcrumb\"},\"inLanguage\":\"fr-FR\",\"potentialAction\":[{\"@type\":\"ReadAction\",\"target\":[\"https:\\\/\\\/www.thinkingafrica.org\\\/V2\\\/african-peace-and-security-annual-conference-apsaco-mediation-in-african-internal-conflicts-rabat-du-10-au-11-juin-2024\\\/\"]}]},{\"@type\":\"ImageObject\",\"inLanguage\":\"fr-FR\",\"@id\":\"https:\\\/\\\/www.thinkingafrica.org\\\/V2\\\/african-peace-and-security-annual-conference-apsaco-mediation-in-african-internal-conflicts-rabat-du-10-au-11-juin-2024\\\/#primaryimage\",\"url\":\"https:\\\/\\\/www.thinkingafrica.org\\\/V2\\\/wp-content\\\/uploads\\\/2024\\\/06\\\/Sans-titre-1-2-scaled.jpg\",\"contentUrl\":\"https:\\\/\\\/www.thinkingafrica.org\\\/V2\\\/wp-content\\\/uploads\\\/2024\\\/06\\\/Sans-titre-1-2-scaled.jpg\",\"width\":2560,\"height\":1707},{\"@type\":\"BreadcrumbList\",\"@id\":\"https:\\\/\\\/www.thinkingafrica.org\\\/V2\\\/african-peace-and-security-annual-conference-apsaco-mediation-in-african-internal-conflicts-rabat-du-10-au-11-juin-2024\\\/#breadcrumb\",\"itemListElement\":[{\"@type\":\"ListItem\",\"position\":1,\"name\":\"Accueil\",\"item\":\"https:\\\/\\\/www.thinkingafrica.org\\\/V2\\\/\"},{\"@type\":\"ListItem\",\"position\":2,\"name\":\"African peace and security annual conference (APSACO) mediation in african internal conflicts rabat, du 10 au 11 juin 2024\"}]},{\"@type\":\"WebSite\",\"@id\":\"https:\\\/\\\/www.thinkingafrica.org\\\/V2\\\/#website\",\"url\":\"https:\\\/\\\/www.thinkingafrica.org\\\/V2\\\/\",\"name\":\"Thinking Africa\",\"description\":\"Recherche, r\u00e9flexions et ressources pour r\u00e9inventer le leadership africain\",\"potentialAction\":[{\"@type\":\"SearchAction\",\"target\":{\"@type\":\"EntryPoint\",\"urlTemplate\":\"https:\\\/\\\/www.thinkingafrica.org\\\/V2\\\/?s={search_term_string}\"},\"query-input\":{\"@type\":\"PropertyValueSpecification\",\"valueRequired\":true,\"valueName\":\"search_term_string\"}}],\"inLanguage\":\"fr-FR\"},{\"@type\":\"Person\",\"@id\":\"https:\\\/\\\/www.thinkingafrica.org\\\/V2\\\/#\\\/schema\\\/person\\\/1af5d63bd05adb39fe95cad479bc04f5\",\"name\":\"Domoina RAZAFINDRAZAKA\",\"image\":{\"@type\":\"ImageObject\",\"inLanguage\":\"fr-FR\",\"@id\":\"https:\\\/\\\/secure.gravatar.com\\\/avatar\\\/177046b3aadf375fc6043545c43509ebe9dabbf7048572697fba796f77801a19?s=96&d=mm&r=g\",\"url\":\"https:\\\/\\\/secure.gravatar.com\\\/avatar\\\/177046b3aadf375fc6043545c43509ebe9dabbf7048572697fba796f77801a19?s=96&d=mm&r=g\",\"contentUrl\":\"https:\\\/\\\/secure.gravatar.com\\\/avatar\\\/177046b3aadf375fc6043545c43509ebe9dabbf7048572697fba796f77801a19?s=96&d=mm&r=g\",\"caption\":\"Domoina RAZAFINDRAZAKA\"},\"sameAs\":[\"admin\"],\"url\":\"https:\\\/\\\/www.thinkingafrica.org\\\/V2\\\/author\\\/dom-raz-sylviagmail-com\\\/\"}]}<\/script>\n<!-- \/ Yoast SEO plugin. -->","yoast_head_json":{"title":"African peace and security annual conference (APSACO) mediation in african internal conflicts rabat, du 10 au 11 juin 2024 - Thinking Africa","robots":{"index":"index","follow":"follow","max-snippet":"max-snippet:-1","max-image-preview":"max-image-preview:large","max-video-preview":"max-video-preview:-1"},"canonical":"https:\/\/www.thinkingafrica.org\/V2\/african-peace-and-security-annual-conference-apsaco-mediation-in-african-internal-conflicts-rabat-du-10-au-11-juin-2024\/","og_locale":"fr_FR","og_type":"article","og_title":"African peace and security annual conference (APSACO) mediation in african internal conflicts rabat, du 10 au 11 juin 2024 - Thinking Africa","og_description":"\u00c0 l\u2019occasion de la 8\u00e8me \u00e9dition de la Conf\u00e9rence annuelle pour la paix et la s\u00e9curit\u00e9 africaines (African Peace and Security Annual Conference), des experts du monde entier se sont r\u00e9unis \u00e0 Rabat (Maroc) afin d\u2019\u00e9changer sur la th\u00e9matique de l\u2019\u00e9v\u00e8nement : la m\u00e9diation dans les conflits internes en Afrique. Cette conf\u00e9rence, organis\u00e9e par le [&hellip;]","og_url":"https:\/\/www.thinkingafrica.org\/V2\/african-peace-and-security-annual-conference-apsaco-mediation-in-african-internal-conflicts-rabat-du-10-au-11-juin-2024\/","og_site_name":"Thinking Africa","article_published_time":"2024-06-18T16:14:34+00:00","article_modified_time":"2026-01-08T19:13:17+00:00","og_image":[{"width":2560,"height":1707,"url":"https:\/\/www.thinkingafrica.org\/V2\/wp-content\/uploads\/2024\/06\/Sans-titre-1-2-scaled.jpg","type":"image\/jpeg"}],"author":"Domoina RAZAFINDRAZAKA","twitter_card":"summary_large_image","twitter_misc":{"\u00c9crit par":"Domoina RAZAFINDRAZAKA","Dur\u00e9e de lecture estim\u00e9e":"2 minutes"},"schema":{"@context":"https:\/\/schema.org","@graph":[{"@type":"Article","@id":"https:\/\/www.thinkingafrica.org\/V2\/african-peace-and-security-annual-conference-apsaco-mediation-in-african-internal-conflicts-rabat-du-10-au-11-juin-2024\/#article","isPartOf":{"@id":"https:\/\/www.thinkingafrica.org\/V2\/african-peace-and-security-annual-conference-apsaco-mediation-in-african-internal-conflicts-rabat-du-10-au-11-juin-2024\/"},"author":{"name":"Domoina RAZAFINDRAZAKA","@id":"https:\/\/www.thinkingafrica.org\/V2\/#\/schema\/person\/1af5d63bd05adb39fe95cad479bc04f5"},"headline":"African peace and security annual conference (APSACO) mediation in african internal conflicts rabat, du 10 au 11 juin 2024","datePublished":"2024-06-18T16:14:34+00:00","dateModified":"2026-01-08T19:13:17+00:00","mainEntityOfPage":{"@id":"https:\/\/www.thinkingafrica.org\/V2\/african-peace-and-security-annual-conference-apsaco-mediation-in-african-internal-conflicts-rabat-du-10-au-11-juin-2024\/"},"wordCount":274,"commentCount":0,"image":{"@id":"https:\/\/www.thinkingafrica.org\/V2\/african-peace-and-security-annual-conference-apsaco-mediation-in-african-internal-conflicts-rabat-du-10-au-11-juin-2024\/#primaryimage"},"thumbnailUrl":"https:\/\/www.thinkingafrica.org\/V2\/wp-content\/uploads\/2024\/06\/Sans-titre-1-2-scaled.jpg","articleSection":["Communiqu\u00e9s"],"inLanguage":"fr-FR","potentialAction":[{"@type":"CommentAction","name":"Comment","target":["https:\/\/www.thinkingafrica.org\/V2\/african-peace-and-security-annual-conference-apsaco-mediation-in-african-internal-conflicts-rabat-du-10-au-11-juin-2024\/#respond"]}]},{"@type":"WebPage","@id":"https:\/\/www.thinkingafrica.org\/V2\/african-peace-and-security-annual-conference-apsaco-mediation-in-african-internal-conflicts-rabat-du-10-au-11-juin-2024\/","url":"https:\/\/www.thinkingafrica.org\/V2\/african-peace-and-security-annual-conference-apsaco-mediation-in-african-internal-conflicts-rabat-du-10-au-11-juin-2024\/","name":"African peace and security annual conference (APSACO) mediation in african internal conflicts rabat, du 10 au 11 juin 2024 - Thinking Africa","isPartOf":{"@id":"https:\/\/www.thinkingafrica.org\/V2\/#website"},"primaryImageOfPage":{"@id":"https:\/\/www.thinkingafrica.org\/V2\/african-peace-and-security-annual-conference-apsaco-mediation-in-african-internal-conflicts-rabat-du-10-au-11-juin-2024\/#primaryimage"},"image":{"@id":"https:\/\/www.thinkingafrica.org\/V2\/african-peace-and-security-annual-conference-apsaco-mediation-in-african-internal-conflicts-rabat-du-10-au-11-juin-2024\/#primaryimage"},"thumbnailUrl":"https:\/\/www.thinkingafrica.org\/V2\/wp-content\/uploads\/2024\/06\/Sans-titre-1-2-scaled.jpg","datePublished":"2024-06-18T16:14:34+00:00","dateModified":"2026-01-08T19:13:17+00:00","author":{"@id":"https:\/\/www.thinkingafrica.org\/V2\/#\/schema\/person\/1af5d63bd05adb39fe95cad479bc04f5"},"breadcrumb":{"@id":"https:\/\/www.thinkingafrica.org\/V2\/african-peace-and-security-annual-conference-apsaco-mediation-in-african-internal-conflicts-rabat-du-10-au-11-juin-2024\/#breadcrumb"},"inLanguage":"fr-FR","potentialAction":[{"@type":"ReadAction","target":["https:\/\/www.thinkingafrica.org\/V2\/african-peace-and-security-annual-conference-apsaco-mediation-in-african-internal-conflicts-rabat-du-10-au-11-juin-2024\/"]}]},{"@type":"ImageObject","inLanguage":"fr-FR","@id":"https:\/\/www.thinkingafrica.org\/V2\/african-peace-and-security-annual-conference-apsaco-mediation-in-african-internal-conflicts-rabat-du-10-au-11-juin-2024\/#primaryimage","url":"https:\/\/www.thinkingafrica.org\/V2\/wp-content\/uploads\/2024\/06\/Sans-titre-1-2-scaled.jpg","contentUrl":"https:\/\/www.thinkingafrica.org\/V2\/wp-content\/uploads\/2024\/06\/Sans-titre-1-2-scaled.jpg","width":2560,"height":1707},{"@type":"BreadcrumbList","@id":"https:\/\/www.thinkingafrica.org\/V2\/african-peace-and-security-annual-conference-apsaco-mediation-in-african-internal-conflicts-rabat-du-10-au-11-juin-2024\/#breadcrumb","itemListElement":[{"@type":"ListItem","position":1,"name":"Accueil","item":"https:\/\/www.thinkingafrica.org\/V2\/"},{"@type":"ListItem","position":2,"name":"African peace and security annual conference (APSACO) mediation in african internal conflicts rabat, du 10 au 11 juin 2024"}]},{"@type":"WebSite","@id":"https:\/\/www.thinkingafrica.org\/V2\/#website","url":"https:\/\/www.thinkingafrica.org\/V2\/","name":"Thinking Africa","description":"Recherche, r\u00e9flexions et ressources pour r\u00e9inventer le leadership africain","potentialAction":[{"@type":"SearchAction","target":{"@type":"EntryPoint","urlTemplate":"https:\/\/www.thinkingafrica.org\/V2\/?s={search_term_string}"},"query-input":{"@type":"PropertyValueSpecification","valueRequired":true,"valueName":"search_term_string"}}],"inLanguage":"fr-FR"},{"@type":"Person","@id":"https:\/\/www.thinkingafrica.org\/V2\/#\/schema\/person\/1af5d63bd05adb39fe95cad479bc04f5","name":"Domoina RAZAFINDRAZAKA","image":{"@type":"ImageObject","inLanguage":"fr-FR","@id":"https:\/\/secure.gravatar.com\/avatar\/177046b3aadf375fc6043545c43509ebe9dabbf7048572697fba796f77801a19?s=96&d=mm&r=g","url":"https:\/\/secure.gravatar.com\/avatar\/177046b3aadf375fc6043545c43509ebe9dabbf7048572697fba796f77801a19?s=96&d=mm&r=g","contentUrl":"https:\/\/secure.gravatar.com\/avatar\/177046b3aadf375fc6043545c43509ebe9dabbf7048572697fba796f77801a19?s=96&d=mm&r=g","caption":"Domoina RAZAFINDRAZAKA"},"sameAs":["admin"],"url":"https:\/\/www.thinkingafrica.org\/V2\/author\/dom-raz-sylviagmail-com\/"}]}},"_links":{"self":[{"href":"https:\/\/www.thinkingafrica.org\/V2\/wp-json\/wp\/v2\/posts\/9749","targetHints":{"allow":["GET"]}}],"collection":[{"href":"https:\/\/www.thinkingafrica.org\/V2\/wp-json\/wp\/v2\/posts"}],"about":[{"href":"https:\/\/www.thinkingafrica.org\/V2\/wp-json\/wp\/v2\/types\/post"}],"author":[{"embeddable":true,"href":"https:\/\/www.thinkingafrica.org\/V2\/wp-json\/wp\/v2\/users\/15"}],"replies":[{"embeddable":true,"href":"https:\/\/www.thinkingafrica.org\/V2\/wp-json\/wp\/v2\/comments?post=9749"}],"version-history":[{"count":8,"href":"https:\/\/www.thinkingafrica.org\/V2\/wp-json\/wp\/v2\/posts\/9749\/revisions"}],"predecessor-version":[{"id":10062,"href":"https:\/\/www.thinkingafrica.org\/V2\/wp-json\/wp\/v2\/posts\/9749\/revisions\/10062"}],"wp:featuredmedia":[{"embeddable":true,"href":"https:\/\/www.thinkingafrica.org\/V2\/wp-json\/wp\/v2\/media\/9750"}],"wp:attachment":[{"href":"https:\/\/www.thinkingafrica.org\/V2\/wp-json\/wp\/v2\/media?parent=9749"}],"wp:term":[{"taxonomy":"category","embeddable":true,"href":"https:\/\/www.thinkingafrica.org\/V2\/wp-json\/wp\/v2\/categories?post=9749"},{"taxonomy":"post_tag","embeddable":true,"href":"https:\/\/www.thinkingafrica.org\/V2\/wp-json\/wp\/v2\/tags?post=9749"}],"curies":[{"name":"wp","href":"https:\/\/api.w.org\/{rel}","templated":true}]}}