{"id":9976,"date":"2025-11-24T08:12:54","date_gmt":"2025-11-24T07:12:54","guid":{"rendered":"https:\/\/www.thinkingafrica.org\/V2\/?p=9976"},"modified":"2026-01-07T05:24:09","modified_gmt":"2026-01-07T04:24:09","slug":"quand-la-jeunesse-sorganise-les-initiatives-citoyennes-des-jeunes-comme-levier-de-transformation-dans-les-quartiers-populaires-de-douala-etude-de-cas-de-lassociation-des-jeunes-e","status":"publish","type":"post","link":"https:\/\/www.thinkingafrica.org\/V2\/quand-la-jeunesse-sorganise-les-initiatives-citoyennes-des-jeunes-comme-levier-de-transformation-dans-les-quartiers-populaires-de-douala-etude-de-cas-de-lassociation-des-jeunes-e\/","title":{"rendered":"Les initiatives citoyennes des jeunes : un levier de transformation de quartiers populaires \u00e0 Douala"},"content":{"rendered":"<p>Cette\u00a0 recherche\u00a0 analyse\u00a0 comment\u00a0 les\u00a0 initiatives\u00a0 citoyennes\u00a0 des\u00a0 jeunes\u00a0 dans\u00a0 les\u00a0 quartiers\u00a0 populaires\u00a0 de\u00a0 Douala, port\u00e9es\u00a0 notamment\u00a0 par\u00a0 les organisations\u00a0 de\u00a0 la\u00a0 soci\u00e9t\u00e9 civile\u00a0 \u00e0 l\u2019instar\u00a0 de\u00a0 l\u2019Association\u00a0 des\u00a0 Jeunes\u00a0 Entreprenants\u00a0 de\u00a0 Bonassama (AJE) contribuent \u00e0\u00a0 red\u00e9finir\u00a0 la\u00a0 participation locale\u00a0 au\u00a0 Cameroun.<\/p>\n<p><strong>Par\u00a0:<\/strong><\/p>\n<p><em><strong>NSANGOU\u00a0 Sirac\u00a0 Th\u00e9ophile<br \/>\n<\/strong>Sociologue,\u00a0 Chef\u00a0 de\u00a0 projet \u00e0\u00a0 l\u2019AJE<\/em><\/p>\n<p><i>Cliquez ici pour t\u00e9l\u00e9charger le PDF: <a href=\"https:\/\/www.thinkingafrica.org\/V2\/wp-content\/uploads\/2025\/11\/Article-TA213.pdf\">https:\/\/www.thinkingafrica.org\/V2\/wp-content\/uploads\/2025\/11\/Article-TA213.pdf<\/a><\/i><\/p>\n<p><em>\n<div\n    class='wp-block-pdfp-pdf-poster  alignnone'\n    id='block-2'\n    data-attributes='{&quot;uniqueId&quot;:&quot;pdfp1&quot;,&quot;file&quot;:&quot;https:\\\/\\\/www.thinkingafrica.org\\\/V2\\\/wp-content\\\/uploads\\\/2025\\\/11\\\/Article-TA213.pdf&quot;,&quot;title&quot;:&quot;&quot;,&quot;height&quot;:&quot;842px&quot;,&quot;width&quot;:&quot;100%&quot;,&quot;print&quot;:false,&quot;downloadButton&quot;:false,&quot;fullscreenButtonText&quot;:&quot;View Fullscreen&quot;,&quot;fullscreenButton&quot;:true,&quot;align&quot;:&quot;none&quot;,&quot;alignment&quot;:&quot;left&quot;,&quot;titleFontSize&quot;:&quot;16px&quot;,&quot;showName&quot;:false,&quot;onlyPDF&quot;:false,&quot;defaultBrowser&quot;:false,&quot;downloadButtonText&quot;:&quot;Download File&quot;,&quot;actionsPosition&quot;:&quot;top&quot;,&quot;newWindow&quot;:false,&quot;protect&quot;:false,&quot;thumbMenu&quot;:false,&quot;sidebarOpen&quot;:false,&quot;initialPage&quot;:0,&quot;alert&quot;:false,&quot;lastVersion&quot;:false,&quot;hrScroll&quot;:false,&quot;isHideRightToolbar&quot;:false,&quot;additional&quot;:{&quot;ID&quot;:&quot;&quot;,&quot;Class&quot;:&quot;&quot;,&quot;CSS&quot;:&quot;&quot;},&quot;adobeEmbedder&quot;:false,&quot;adobeOptions&quot;:{&quot;showDownloadPDF&quot;:true,&quot;showPrintPDF&quot;:true,&quot;showAnnotationTools&quot;:true,&quot;showFullScreen&quot;:false,&quot;embedMode&quot;:&quot;SIZED_CONTAINER&quot;},&quot;popupOptions&quot;:{&quot;enabled&quot;:false,&quot;triggerType&quot;:&quot;button&quot;,&quot;image&quot;:&quot;&quot;,&quot;imagePdfIcon&quot;:true,&quot;imageHeight&quot;:&quot;200px&quot;,&quot;imageWidth&quot;:&quot;300px&quot;,&quot;text&quot;:&quot;Open PDF&quot;,&quot;btnStyle&quot;:{&quot;background&quot;:&quot;#2271b1&quot;,&quot;color&quot;:&quot;#fff&quot;,&quot;fontSize&quot;:&quot;16px&quot;,&quot;padding&quot;:{&quot;top&quot;:10,&quot;right&quot;:20,&quot;bottom&quot;:10,&quot;left&quot;:10}}},&quot;popupBtnStyle&quot;:{&quot;background&quot;:&quot;#2271b1&quot;,&quot;color&quot;:&quot;#fff&quot;,&quot;padding&quot;:{&quot;top&quot;:10,&quot;right&quot;:20,&quot;bottom&quot;:10,&quot;left&quot;:10}},&quot;popupBtnText&quot;:&quot;Open Document&quot;,&quot;CSS&quot;:&quot;&quot;,&quot;socialShare&quot;:{&quot;enabled&quot;:false,&quot;facebook&quot;:true,&quot;twitter&quot;:true,&quot;linkedin&quot;:true,&quot;pinterest&quot;:true,&quot;position&quot;:&quot;top&quot;},&quot;isPremium&quot;:false}'\n    style=\"text-align: left\">\n            <div class=\"pdfp_loading_placeholder\" style=\"height: 842px; width: 100%; display: flex; align-items: center; justify-content: center; background: #f5f5f5; border: 1px solid #ddd;\">\n             <p>Loading Viewer...<\/p>\n        <\/div>\n    <\/div>\n<\/em><\/p>\n<p>&nbsp;<\/p>\n<p>&nbsp;<\/p>\n","protected":false},"excerpt":{"rendered":"<p>Cette\u00a0 recherche\u00a0 analyse\u00a0 comment\u00a0 les\u00a0 initiatives\u00a0 citoyennes\u00a0 des\u00a0 jeunes\u00a0 dans\u00a0 les\u00a0 quartiers\u00a0 populaires\u00a0 de\u00a0 Douala, port\u00e9es\u00a0 notamment\u00a0 par\u00a0 les organisations\u00a0 de\u00a0 la\u00a0 soci\u00e9t\u00e9 civile\u00a0 \u00e0 l\u2019instar\u00a0 de\u00a0 l\u2019Association\u00a0 des\u00a0 Jeunes\u00a0 Entreprenants\u00a0 de\u00a0 Bonassama ( AJE) contribuent \u00e0\u00a0 red\u00e9finir\u00a0 la\u00a0 participation locale\u00a0 au\u00a0 Cameroun.<\/p>\n","protected":false},"author":15,"featured_media":9979,"comment_status":"open","ping_status":"open","sticky":false,"template":"","format":"standard","meta":{"_acf_changed":false,"rs_blank_template":"","rs_page_bg_color":"","slide_template_v7":"","footnotes":""},"categories":[1],"tags":[],"class_list":["post-9976","post","type-post","status-publish","format-standard","has-post-thumbnail","hentry","category-observatoire-du-sahel"],"acf":[],"yoast_head":"<!-- This site is optimized with the Yoast SEO plugin v27.5 - https:\/\/yoast.com\/product\/yoast-seo-wordpress\/ -->\n<title>Les initiatives citoyennes des jeunes : un levier de transformation de quartiers populaires \u00e0 Douala - Thinking Africa<\/title>\n<meta name=\"robots\" content=\"index, follow, max-snippet:-1, max-image-preview:large, max-video-preview:-1\" \/>\n<link rel=\"canonical\" href=\"https:\/\/www.thinkingafrica.org\/V2\/quand-la-jeunesse-sorganise-les-initiatives-citoyennes-des-jeunes-comme-levier-de-transformation-dans-les-quartiers-populaires-de-douala-etude-de-cas-de-lassociation-des-jeunes-e\/\" \/>\n<meta property=\"og:locale\" content=\"fr_FR\" \/>\n<meta property=\"og:type\" content=\"article\" \/>\n<meta property=\"og:title\" content=\"Les initiatives citoyennes des jeunes : un levier de transformation de quartiers populaires \u00e0 Douala - Thinking Africa\" \/>\n<meta property=\"og:description\" content=\"Cette\u00a0 recherche\u00a0 analyse\u00a0 comment\u00a0 les\u00a0 initiatives\u00a0 citoyennes\u00a0 des\u00a0 jeunes\u00a0 dans\u00a0 les\u00a0 quartiers\u00a0 populaires\u00a0 de\u00a0 Douala, port\u00e9es\u00a0 notamment\u00a0 par\u00a0 les organisations\u00a0 de\u00a0 la\u00a0 soci\u00e9t\u00e9 civile\u00a0 \u00e0 l\u2019instar\u00a0 de\u00a0 l\u2019Association\u00a0 des\u00a0 Jeunes\u00a0 Entreprenants\u00a0 de\u00a0 Bonassama ( AJE) contribuent \u00e0\u00a0 red\u00e9finir\u00a0 la\u00a0 participation locale\u00a0 au\u00a0 Cameroun.\" \/>\n<meta property=\"og:url\" content=\"https:\/\/www.thinkingafrica.org\/V2\/quand-la-jeunesse-sorganise-les-initiatives-citoyennes-des-jeunes-comme-levier-de-transformation-dans-les-quartiers-populaires-de-douala-etude-de-cas-de-lassociation-des-jeunes-e\/\" \/>\n<meta property=\"og:site_name\" content=\"Thinking Africa\" \/>\n<meta property=\"article:published_time\" content=\"2025-11-24T07:12:54+00:00\" \/>\n<meta property=\"article:modified_time\" content=\"2026-01-07T04:24:09+00:00\" \/>\n<meta property=\"og:image\" content=\"https:\/\/www.thinkingafrica.org\/V2\/wp-content\/uploads\/2025\/11\/Gemini_Generated_Image_9y76j79y76j79y76-scaled.png\" \/>\n\t<meta property=\"og:image:width\" content=\"2560\" \/>\n\t<meta property=\"og:image:height\" content=\"1396\" \/>\n\t<meta property=\"og:image:type\" content=\"image\/png\" \/>\n<meta name=\"author\" content=\"Domoina RAZAFINDRAZAKA\" \/>\n<meta name=\"twitter:card\" content=\"summary_large_image\" \/>\n<meta name=\"twitter:label1\" content=\"\u00c9crit par\" \/>\n\t<meta name=\"twitter:data1\" content=\"Domoina RAZAFINDRAZAKA\" \/>\n\t<meta name=\"twitter:label2\" content=\"Dur\u00e9e de lecture estim\u00e9e\" \/>\n\t<meta name=\"twitter:data2\" content=\"1 minute\" \/>\n<script type=\"application\/ld+json\" class=\"yoast-schema-graph\">{\"@context\":\"https:\\\/\\\/schema.org\",\"@graph\":[{\"@type\":\"Article\",\"@id\":\"https:\\\/\\\/www.thinkingafrica.org\\\/V2\\\/quand-la-jeunesse-sorganise-les-initiatives-citoyennes-des-jeunes-comme-levier-de-transformation-dans-les-quartiers-populaires-de-douala-etude-de-cas-de-lassociation-des-jeunes-e\\\/#article\",\"isPartOf\":{\"@id\":\"https:\\\/\\\/www.thinkingafrica.org\\\/V2\\\/quand-la-jeunesse-sorganise-les-initiatives-citoyennes-des-jeunes-comme-levier-de-transformation-dans-les-quartiers-populaires-de-douala-etude-de-cas-de-lassociation-des-jeunes-e\\\/\"},\"author\":{\"name\":\"Domoina RAZAFINDRAZAKA\",\"@id\":\"https:\\\/\\\/www.thinkingafrica.org\\\/V2\\\/#\\\/schema\\\/person\\\/1af5d63bd05adb39fe95cad479bc04f5\"},\"headline\":\"Les initiatives citoyennes des jeunes : un levier de transformation de quartiers populaires \u00e0 Douala\",\"datePublished\":\"2025-11-24T07:12:54+00:00\",\"dateModified\":\"2026-01-07T04:24:09+00:00\",\"mainEntityOfPage\":{\"@id\":\"https:\\\/\\\/www.thinkingafrica.org\\\/V2\\\/quand-la-jeunesse-sorganise-les-initiatives-citoyennes-des-jeunes-comme-levier-de-transformation-dans-les-quartiers-populaires-de-douala-etude-de-cas-de-lassociation-des-jeunes-e\\\/\"},\"wordCount\":100,\"commentCount\":0,\"image\":{\"@id\":\"https:\\\/\\\/www.thinkingafrica.org\\\/V2\\\/quand-la-jeunesse-sorganise-les-initiatives-citoyennes-des-jeunes-comme-levier-de-transformation-dans-les-quartiers-populaires-de-douala-etude-de-cas-de-lassociation-des-jeunes-e\\\/#primaryimage\"},\"thumbnailUrl\":\"https:\\\/\\\/www.thinkingafrica.org\\\/V2\\\/wp-content\\\/uploads\\\/2025\\\/11\\\/Gemini_Generated_Image_9y76j79y76j79y76-scaled.png\",\"articleSection\":[\"Observatoire du Sahel\"],\"inLanguage\":\"fr-FR\",\"potentialAction\":[{\"@type\":\"CommentAction\",\"name\":\"Comment\",\"target\":[\"https:\\\/\\\/www.thinkingafrica.org\\\/V2\\\/quand-la-jeunesse-sorganise-les-initiatives-citoyennes-des-jeunes-comme-levier-de-transformation-dans-les-quartiers-populaires-de-douala-etude-de-cas-de-lassociation-des-jeunes-e\\\/#respond\"]}]},{\"@type\":\"WebPage\",\"@id\":\"https:\\\/\\\/www.thinkingafrica.org\\\/V2\\\/quand-la-jeunesse-sorganise-les-initiatives-citoyennes-des-jeunes-comme-levier-de-transformation-dans-les-quartiers-populaires-de-douala-etude-de-cas-de-lassociation-des-jeunes-e\\\/\",\"url\":\"https:\\\/\\\/www.thinkingafrica.org\\\/V2\\\/quand-la-jeunesse-sorganise-les-initiatives-citoyennes-des-jeunes-comme-levier-de-transformation-dans-les-quartiers-populaires-de-douala-etude-de-cas-de-lassociation-des-jeunes-e\\\/\",\"name\":\"Les initiatives citoyennes des jeunes : un levier de transformation de quartiers populaires \u00e0 Douala - Thinking Africa\",\"isPartOf\":{\"@id\":\"https:\\\/\\\/www.thinkingafrica.org\\\/V2\\\/#website\"},\"primaryImageOfPage\":{\"@id\":\"https:\\\/\\\/www.thinkingafrica.org\\\/V2\\\/quand-la-jeunesse-sorganise-les-initiatives-citoyennes-des-jeunes-comme-levier-de-transformation-dans-les-quartiers-populaires-de-douala-etude-de-cas-de-lassociation-des-jeunes-e\\\/#primaryimage\"},\"image\":{\"@id\":\"https:\\\/\\\/www.thinkingafrica.org\\\/V2\\\/quand-la-jeunesse-sorganise-les-initiatives-citoyennes-des-jeunes-comme-levier-de-transformation-dans-les-quartiers-populaires-de-douala-etude-de-cas-de-lassociation-des-jeunes-e\\\/#primaryimage\"},\"thumbnailUrl\":\"https:\\\/\\\/www.thinkingafrica.org\\\/V2\\\/wp-content\\\/uploads\\\/2025\\\/11\\\/Gemini_Generated_Image_9y76j79y76j79y76-scaled.png\",\"datePublished\":\"2025-11-24T07:12:54+00:00\",\"dateModified\":\"2026-01-07T04:24:09+00:00\",\"author\":{\"@id\":\"https:\\\/\\\/www.thinkingafrica.org\\\/V2\\\/#\\\/schema\\\/person\\\/1af5d63bd05adb39fe95cad479bc04f5\"},\"breadcrumb\":{\"@id\":\"https:\\\/\\\/www.thinkingafrica.org\\\/V2\\\/quand-la-jeunesse-sorganise-les-initiatives-citoyennes-des-jeunes-comme-levier-de-transformation-dans-les-quartiers-populaires-de-douala-etude-de-cas-de-lassociation-des-jeunes-e\\\/#breadcrumb\"},\"inLanguage\":\"fr-FR\",\"potentialAction\":[{\"@type\":\"ReadAction\",\"target\":[\"https:\\\/\\\/www.thinkingafrica.org\\\/V2\\\/quand-la-jeunesse-sorganise-les-initiatives-citoyennes-des-jeunes-comme-levier-de-transformation-dans-les-quartiers-populaires-de-douala-etude-de-cas-de-lassociation-des-jeunes-e\\\/\"]}]},{\"@type\":\"ImageObject\",\"inLanguage\":\"fr-FR\",\"@id\":\"https:\\\/\\\/www.thinkingafrica.org\\\/V2\\\/quand-la-jeunesse-sorganise-les-initiatives-citoyennes-des-jeunes-comme-levier-de-transformation-dans-les-quartiers-populaires-de-douala-etude-de-cas-de-lassociation-des-jeunes-e\\\/#primaryimage\",\"url\":\"https:\\\/\\\/www.thinkingafrica.org\\\/V2\\\/wp-content\\\/uploads\\\/2025\\\/11\\\/Gemini_Generated_Image_9y76j79y76j79y76-scaled.png\",\"contentUrl\":\"https:\\\/\\\/www.thinkingafrica.org\\\/V2\\\/wp-content\\\/uploads\\\/2025\\\/11\\\/Gemini_Generated_Image_9y76j79y76j79y76-scaled.png\",\"width\":2560,\"height\":1396},{\"@type\":\"BreadcrumbList\",\"@id\":\"https:\\\/\\\/www.thinkingafrica.org\\\/V2\\\/quand-la-jeunesse-sorganise-les-initiatives-citoyennes-des-jeunes-comme-levier-de-transformation-dans-les-quartiers-populaires-de-douala-etude-de-cas-de-lassociation-des-jeunes-e\\\/#breadcrumb\",\"itemListElement\":[{\"@type\":\"ListItem\",\"position\":1,\"name\":\"Accueil\",\"item\":\"https:\\\/\\\/www.thinkingafrica.org\\\/V2\\\/\"},{\"@type\":\"ListItem\",\"position\":2,\"name\":\"Les initiatives citoyennes des jeunes : un levier de transformation de quartiers populaires \u00e0 Douala\"}]},{\"@type\":\"WebSite\",\"@id\":\"https:\\\/\\\/www.thinkingafrica.org\\\/V2\\\/#website\",\"url\":\"https:\\\/\\\/www.thinkingafrica.org\\\/V2\\\/\",\"name\":\"Thinking Africa\",\"description\":\"Recherche, r\u00e9flexions et ressources pour r\u00e9inventer le leadership africain\",\"potentialAction\":[{\"@type\":\"SearchAction\",\"target\":{\"@type\":\"EntryPoint\",\"urlTemplate\":\"https:\\\/\\\/www.thinkingafrica.org\\\/V2\\\/?s={search_term_string}\"},\"query-input\":{\"@type\":\"PropertyValueSpecification\",\"valueRequired\":true,\"valueName\":\"search_term_string\"}}],\"inLanguage\":\"fr-FR\"},{\"@type\":\"Person\",\"@id\":\"https:\\\/\\\/www.thinkingafrica.org\\\/V2\\\/#\\\/schema\\\/person\\\/1af5d63bd05adb39fe95cad479bc04f5\",\"name\":\"Domoina RAZAFINDRAZAKA\",\"image\":{\"@type\":\"ImageObject\",\"inLanguage\":\"fr-FR\",\"@id\":\"https:\\\/\\\/secure.gravatar.com\\\/avatar\\\/177046b3aadf375fc6043545c43509ebe9dabbf7048572697fba796f77801a19?s=96&d=mm&r=g\",\"url\":\"https:\\\/\\\/secure.gravatar.com\\\/avatar\\\/177046b3aadf375fc6043545c43509ebe9dabbf7048572697fba796f77801a19?s=96&d=mm&r=g\",\"contentUrl\":\"https:\\\/\\\/secure.gravatar.com\\\/avatar\\\/177046b3aadf375fc6043545c43509ebe9dabbf7048572697fba796f77801a19?s=96&d=mm&r=g\",\"caption\":\"Domoina RAZAFINDRAZAKA\"},\"sameAs\":[\"admin\"],\"url\":\"https:\\\/\\\/www.thinkingafrica.org\\\/V2\\\/author\\\/dom-raz-sylviagmail-com\\\/\"}]}<\/script>\n<!-- \/ Yoast SEO plugin. -->","yoast_head_json":{"title":"Les initiatives citoyennes des jeunes : un levier de transformation de quartiers populaires \u00e0 Douala - Thinking Africa","robots":{"index":"index","follow":"follow","max-snippet":"max-snippet:-1","max-image-preview":"max-image-preview:large","max-video-preview":"max-video-preview:-1"},"canonical":"https:\/\/www.thinkingafrica.org\/V2\/quand-la-jeunesse-sorganise-les-initiatives-citoyennes-des-jeunes-comme-levier-de-transformation-dans-les-quartiers-populaires-de-douala-etude-de-cas-de-lassociation-des-jeunes-e\/","og_locale":"fr_FR","og_type":"article","og_title":"Les initiatives citoyennes des jeunes : un levier de transformation de quartiers populaires \u00e0 Douala - Thinking Africa","og_description":"Cette\u00a0 recherche\u00a0 analyse\u00a0 comment\u00a0 les\u00a0 initiatives\u00a0 citoyennes\u00a0 des\u00a0 jeunes\u00a0 dans\u00a0 les\u00a0 quartiers\u00a0 populaires\u00a0 de\u00a0 Douala, port\u00e9es\u00a0 notamment\u00a0 par\u00a0 les organisations\u00a0 de\u00a0 la\u00a0 soci\u00e9t\u00e9 civile\u00a0 \u00e0 l\u2019instar\u00a0 de\u00a0 l\u2019Association\u00a0 des\u00a0 Jeunes\u00a0 Entreprenants\u00a0 de\u00a0 Bonassama ( AJE) contribuent \u00e0\u00a0 red\u00e9finir\u00a0 la\u00a0 participation locale\u00a0 au\u00a0 Cameroun.","og_url":"https:\/\/www.thinkingafrica.org\/V2\/quand-la-jeunesse-sorganise-les-initiatives-citoyennes-des-jeunes-comme-levier-de-transformation-dans-les-quartiers-populaires-de-douala-etude-de-cas-de-lassociation-des-jeunes-e\/","og_site_name":"Thinking Africa","article_published_time":"2025-11-24T07:12:54+00:00","article_modified_time":"2026-01-07T04:24:09+00:00","og_image":[{"width":2560,"height":1396,"url":"https:\/\/www.thinkingafrica.org\/V2\/wp-content\/uploads\/2025\/11\/Gemini_Generated_Image_9y76j79y76j79y76-scaled.png","type":"image\/png"}],"author":"Domoina RAZAFINDRAZAKA","twitter_card":"summary_large_image","twitter_misc":{"\u00c9crit par":"Domoina RAZAFINDRAZAKA","Dur\u00e9e de lecture estim\u00e9e":"1 minute"},"schema":{"@context":"https:\/\/schema.org","@graph":[{"@type":"Article","@id":"https:\/\/www.thinkingafrica.org\/V2\/quand-la-jeunesse-sorganise-les-initiatives-citoyennes-des-jeunes-comme-levier-de-transformation-dans-les-quartiers-populaires-de-douala-etude-de-cas-de-lassociation-des-jeunes-e\/#article","isPartOf":{"@id":"https:\/\/www.thinkingafrica.org\/V2\/quand-la-jeunesse-sorganise-les-initiatives-citoyennes-des-jeunes-comme-levier-de-transformation-dans-les-quartiers-populaires-de-douala-etude-de-cas-de-lassociation-des-jeunes-e\/"},"author":{"name":"Domoina RAZAFINDRAZAKA","@id":"https:\/\/www.thinkingafrica.org\/V2\/#\/schema\/person\/1af5d63bd05adb39fe95cad479bc04f5"},"headline":"Les initiatives citoyennes des jeunes : un levier de transformation de quartiers populaires \u00e0 Douala","datePublished":"2025-11-24T07:12:54+00:00","dateModified":"2026-01-07T04:24:09+00:00","mainEntityOfPage":{"@id":"https:\/\/www.thinkingafrica.org\/V2\/quand-la-jeunesse-sorganise-les-initiatives-citoyennes-des-jeunes-comme-levier-de-transformation-dans-les-quartiers-populaires-de-douala-etude-de-cas-de-lassociation-des-jeunes-e\/"},"wordCount":100,"commentCount":0,"image":{"@id":"https:\/\/www.thinkingafrica.org\/V2\/quand-la-jeunesse-sorganise-les-initiatives-citoyennes-des-jeunes-comme-levier-de-transformation-dans-les-quartiers-populaires-de-douala-etude-de-cas-de-lassociation-des-jeunes-e\/#primaryimage"},"thumbnailUrl":"https:\/\/www.thinkingafrica.org\/V2\/wp-content\/uploads\/2025\/11\/Gemini_Generated_Image_9y76j79y76j79y76-scaled.png","articleSection":["Observatoire du Sahel"],"inLanguage":"fr-FR","potentialAction":[{"@type":"CommentAction","name":"Comment","target":["https:\/\/www.thinkingafrica.org\/V2\/quand-la-jeunesse-sorganise-les-initiatives-citoyennes-des-jeunes-comme-levier-de-transformation-dans-les-quartiers-populaires-de-douala-etude-de-cas-de-lassociation-des-jeunes-e\/#respond"]}]},{"@type":"WebPage","@id":"https:\/\/www.thinkingafrica.org\/V2\/quand-la-jeunesse-sorganise-les-initiatives-citoyennes-des-jeunes-comme-levier-de-transformation-dans-les-quartiers-populaires-de-douala-etude-de-cas-de-lassociation-des-jeunes-e\/","url":"https:\/\/www.thinkingafrica.org\/V2\/quand-la-jeunesse-sorganise-les-initiatives-citoyennes-des-jeunes-comme-levier-de-transformation-dans-les-quartiers-populaires-de-douala-etude-de-cas-de-lassociation-des-jeunes-e\/","name":"Les initiatives citoyennes des jeunes : un levier de transformation de quartiers populaires \u00e0 Douala - Thinking Africa","isPartOf":{"@id":"https:\/\/www.thinkingafrica.org\/V2\/#website"},"primaryImageOfPage":{"@id":"https:\/\/www.thinkingafrica.org\/V2\/quand-la-jeunesse-sorganise-les-initiatives-citoyennes-des-jeunes-comme-levier-de-transformation-dans-les-quartiers-populaires-de-douala-etude-de-cas-de-lassociation-des-jeunes-e\/#primaryimage"},"image":{"@id":"https:\/\/www.thinkingafrica.org\/V2\/quand-la-jeunesse-sorganise-les-initiatives-citoyennes-des-jeunes-comme-levier-de-transformation-dans-les-quartiers-populaires-de-douala-etude-de-cas-de-lassociation-des-jeunes-e\/#primaryimage"},"thumbnailUrl":"https:\/\/www.thinkingafrica.org\/V2\/wp-content\/uploads\/2025\/11\/Gemini_Generated_Image_9y76j79y76j79y76-scaled.png","datePublished":"2025-11-24T07:12:54+00:00","dateModified":"2026-01-07T04:24:09+00:00","author":{"@id":"https:\/\/www.thinkingafrica.org\/V2\/#\/schema\/person\/1af5d63bd05adb39fe95cad479bc04f5"},"breadcrumb":{"@id":"https:\/\/www.thinkingafrica.org\/V2\/quand-la-jeunesse-sorganise-les-initiatives-citoyennes-des-jeunes-comme-levier-de-transformation-dans-les-quartiers-populaires-de-douala-etude-de-cas-de-lassociation-des-jeunes-e\/#breadcrumb"},"inLanguage":"fr-FR","potentialAction":[{"@type":"ReadAction","target":["https:\/\/www.thinkingafrica.org\/V2\/quand-la-jeunesse-sorganise-les-initiatives-citoyennes-des-jeunes-comme-levier-de-transformation-dans-les-quartiers-populaires-de-douala-etude-de-cas-de-lassociation-des-jeunes-e\/"]}]},{"@type":"ImageObject","inLanguage":"fr-FR","@id":"https:\/\/www.thinkingafrica.org\/V2\/quand-la-jeunesse-sorganise-les-initiatives-citoyennes-des-jeunes-comme-levier-de-transformation-dans-les-quartiers-populaires-de-douala-etude-de-cas-de-lassociation-des-jeunes-e\/#primaryimage","url":"https:\/\/www.thinkingafrica.org\/V2\/wp-content\/uploads\/2025\/11\/Gemini_Generated_Image_9y76j79y76j79y76-scaled.png","contentUrl":"https:\/\/www.thinkingafrica.org\/V2\/wp-content\/uploads\/2025\/11\/Gemini_Generated_Image_9y76j79y76j79y76-scaled.png","width":2560,"height":1396},{"@type":"BreadcrumbList","@id":"https:\/\/www.thinkingafrica.org\/V2\/quand-la-jeunesse-sorganise-les-initiatives-citoyennes-des-jeunes-comme-levier-de-transformation-dans-les-quartiers-populaires-de-douala-etude-de-cas-de-lassociation-des-jeunes-e\/#breadcrumb","itemListElement":[{"@type":"ListItem","position":1,"name":"Accueil","item":"https:\/\/www.thinkingafrica.org\/V2\/"},{"@type":"ListItem","position":2,"name":"Les initiatives citoyennes des jeunes : un levier de transformation de quartiers populaires \u00e0 Douala"}]},{"@type":"WebSite","@id":"https:\/\/www.thinkingafrica.org\/V2\/#website","url":"https:\/\/www.thinkingafrica.org\/V2\/","name":"Thinking Africa","description":"Recherche, r\u00e9flexions et ressources pour r\u00e9inventer le leadership africain","potentialAction":[{"@type":"SearchAction","target":{"@type":"EntryPoint","urlTemplate":"https:\/\/www.thinkingafrica.org\/V2\/?s={search_term_string}"},"query-input":{"@type":"PropertyValueSpecification","valueRequired":true,"valueName":"search_term_string"}}],"inLanguage":"fr-FR"},{"@type":"Person","@id":"https:\/\/www.thinkingafrica.org\/V2\/#\/schema\/person\/1af5d63bd05adb39fe95cad479bc04f5","name":"Domoina RAZAFINDRAZAKA","image":{"@type":"ImageObject","inLanguage":"fr-FR","@id":"https:\/\/secure.gravatar.com\/avatar\/177046b3aadf375fc6043545c43509ebe9dabbf7048572697fba796f77801a19?s=96&d=mm&r=g","url":"https:\/\/secure.gravatar.com\/avatar\/177046b3aadf375fc6043545c43509ebe9dabbf7048572697fba796f77801a19?s=96&d=mm&r=g","contentUrl":"https:\/\/secure.gravatar.com\/avatar\/177046b3aadf375fc6043545c43509ebe9dabbf7048572697fba796f77801a19?s=96&d=mm&r=g","caption":"Domoina RAZAFINDRAZAKA"},"sameAs":["admin"],"url":"https:\/\/www.thinkingafrica.org\/V2\/author\/dom-raz-sylviagmail-com\/"}]}},"_links":{"self":[{"href":"https:\/\/www.thinkingafrica.org\/V2\/wp-json\/wp\/v2\/posts\/9976","targetHints":{"allow":["GET"]}}],"collection":[{"href":"https:\/\/www.thinkingafrica.org\/V2\/wp-json\/wp\/v2\/posts"}],"about":[{"href":"https:\/\/www.thinkingafrica.org\/V2\/wp-json\/wp\/v2\/types\/post"}],"author":[{"embeddable":true,"href":"https:\/\/www.thinkingafrica.org\/V2\/wp-json\/wp\/v2\/users\/15"}],"replies":[{"embeddable":true,"href":"https:\/\/www.thinkingafrica.org\/V2\/wp-json\/wp\/v2\/comments?post=9976"}],"version-history":[{"count":8,"href":"https:\/\/www.thinkingafrica.org\/V2\/wp-json\/wp\/v2\/posts\/9976\/revisions"}],"predecessor-version":[{"id":10088,"href":"https:\/\/www.thinkingafrica.org\/V2\/wp-json\/wp\/v2\/posts\/9976\/revisions\/10088"}],"wp:featuredmedia":[{"embeddable":true,"href":"https:\/\/www.thinkingafrica.org\/V2\/wp-json\/wp\/v2\/media\/9979"}],"wp:attachment":[{"href":"https:\/\/www.thinkingafrica.org\/V2\/wp-json\/wp\/v2\/media?parent=9976"}],"wp:term":[{"taxonomy":"category","embeddable":true,"href":"https:\/\/www.thinkingafrica.org\/V2\/wp-json\/wp\/v2\/categories?post=9976"},{"taxonomy":"post_tag","embeddable":true,"href":"https:\/\/www.thinkingafrica.org\/V2\/wp-json\/wp\/v2\/tags?post=9976"}],"curies":[{"name":"wp","href":"https:\/\/api.w.org\/{rel}","templated":true}]}}